{"id":23666,"date":"2023-06-14T14:18:55","date_gmt":"2023-06-14T12:18:55","guid":{"rendered":"https:\/\/naturalpoland.pl\/artykuly\/prirodni-produkty\/je-mozne-vyrabet-kosmetiku-doma\/"},"modified":"2023-06-14T14:18:55","modified_gmt":"2023-06-14T12:18:55","slug":"je-mozne-vyrabet-kosmetiku-doma","status":"publish","type":"post","link":"https:\/\/naturalpoland.com\/cs\/artykuly\/vyroba-kosmetiky\/je-mozne-vyrabet-kosmetiku-doma\/","title":{"rendered":"Je mo\u017en\u00e9 vyr\u00e1b\u011bt kosmetiku doma?"},"content":{"rendered":"\n<p>Rostouc\u00ed pov\u011bdom\u00ed o \u017eivotn\u00edm prost\u0159ed\u00ed znamen\u00e1, \u017ee jsou lid\u00e9 nejen ochotn\u011bj\u0161\u00ed pou\u017e\u00edvat p\u0159\u00edrodn\u00ed kosmetiku, ale tak\u00e9 si ji st\u00e1le \u010dast\u011bji sami vyr\u00e1b\u011bj\u00ed. M\u016f\u017eete si vyr\u00e1b\u011bt kosmetiku doma a jak na to? <\/p>\n\n<h2 class=\"wp-block-heading\">Jakou kosmetiku vyr\u00e1b\u011bt pro dom\u00e1cnost?<\/h2>\n\n<p>Navzdory zd\u00e1n\u00ed nen\u00ed v\u00fdroba dom\u00e1c\u00ed kosmetiky v\u016fbec tak slo\u017eit\u00e1, jak by se mohlo zd\u00e1t. Z\u00e1kladn\u00ed formy, jako jsou masti, <a href=\"https:\/\/naturalpoland.pl\/cs\/Kategorie\/produkty-pro-kosmeticky-prumysl\/peelingy\/\">peelingy<\/a> a masky, jsou \u010dasto jen ot\u00e1zkou sm\u00edch\u00e1n\u00ed spr\u00e1vn\u00fdch meziprodukt\u016f a p\u0159\u00edsad.  Kr\u00e9my, kter\u00e9 je t\u0159eba p\u0159ipravit p\u0159i spr\u00e1vn\u00e9 prom\u011bnliv\u00e9 teplot\u011b a s pou\u017eit\u00edm emulg\u00e1tor\u016f, mohou b\u00fdt o n\u011bco slo\u017eit\u011bj\u0161\u00ed, ale i tak sta\u010d\u00ed m\u00edt z\u00e1kladn\u00ed znalosti o tomto t\u00e9matu a naj\u00edt spolehliv\u00fd recept.<\/p>\n\n<p>Ne\u017e se rozhodnete p\u0159ipravit sv\u016fj prvn\u00ed kosmetick\u00fd v\u00fdrobek, je dobr\u00e9 se sezn\u00e1mit s fyzik\u00e1ln\u00edmi a chemick\u00fdmi vlastnostmi pou\u017eit\u00fdch ingredienc\u00ed a tak\u00e9 si p\u0159e\u010d\u00edst o vlastnostech r\u016fzn\u00fdch kosmetick\u00fdch v\u00fdrobk\u016f &#8211; ne\u017e se rozhodnete, zda chcete vyrobit mast nebo kr\u00e9m, je dobr\u00e9 v\u011bd\u011bt, jak\u00fd je mezi nimi rozd\u00edl.<\/p>\n\n<h2 class=\"wp-block-heading\">Jak\u00e9 ingredience pou\u017e\u00edvat do kosmetiky?<\/h2>\n\n<p>V dne\u0161n\u00ed dob\u011b je dom\u00e1c\u00ed v\u00fdroba p\u0159\u00edrodn\u00ed kosmetiky zna\u010dn\u011b usnadn\u011bna dostupnost\u00ed polotovar\u016f a surovin, kter\u00e9 m\u016f\u017eeme pou\u017e\u00edt. U <strong><a href=\"https:\/\/naturalpoland.pl\/cs\/Kategorie\/produkty-pro-kosmeticky-prumysl\/\">distributor\u016f surovin pro kosmetick\u00fd pr\u016fmysl<\/a> m\u016f\u017eete snadno zakoupit jak z\u00e1kladn\u00ed produkty<\/strong>, tak naj\u00edt \u0161irokou \u0161k\u00e1lu r\u016fzn\u00fdch <a href=\"https:\/\/naturalpoland.pl\/cs\/Kategorie\/rostlinne-vytazky\/\">rostlinn\u00fdch extrakt\u016f<\/a>, <a href=\"https:\/\/naturalpoland.pl\/cs\/Kategorie\/jedle-a-kosmeticke-oleje\/\">olej\u016f<\/a>, aromat, <a href=\"https:\/\/naturalpoland.pl\/cs\/Kategorie\/produkty-pro-farmaceuticky-a-zdravotnicky-prumysl\/vitaminy\/\">vitam\u00edn\u016f<\/a>, emulg\u00e1tor\u016f &#8211; jak pomocn\u00fdch l\u00e1tek zlep\u0161uj\u00edc\u00edch trvanlivost a kvalitu kosmetick\u00e9ho p\u0159\u00edpravku, tak \u00fa\u010dinn\u00fdch l\u00e1tek prom\u00edtaj\u00edc\u00edch se do jeho blahod\u00e1rn\u00fdch \u00fa\u010dink\u016f.  P\u0159i rozhodov\u00e1n\u00ed o v\u00fdb\u011bru konkr\u00e9tn\u00ed slo\u017eky je v\u0161ak d\u016fle\u017eit\u00e9 zn\u00e1t jej\u00ed p\u0159esn\u00e9 vlastnosti &#8211; zp\u016fsob pou\u017eit\u00ed, maxim\u00e1ln\u00ed doporu\u010den\u00e9 koncentrace\/d\u00e1vky, mo\u017en\u00e9 vedlej\u0161\u00ed \u00fa\u010dinky.<\/p>\n\n<div style=\"height:35px\" aria-hidden=\"true\" class=\"wp-block-spacer\"><\/div>\n<div data-block-name=\"woocommerce\/featured-category\" data-category-id=\"638\" data-edit-mode=\"false\" data-image-fit=\"cover\" class=\"wc-block-featured-category alignnone has-background-dim wp-block-woocommerce-featured-category\" style=\"min-height:500px;\"><div class=\"wc-block-featured-category__wrapper\"><div class=\"background-dim__overlay\" style=\"background-color: #000000\"><\/div><img decoding=\"async\" alt=\"Kosmetick\u00e9 suroviny\" class=\"wc-block-featured-category__background-image\" src=\"https:\/\/naturalpoland.com\/wp-content\/uploads\/surowce-kosmetyczne.jpg\" style=\"object-fit: cover;object-position: 50% 50%;\" \/><h2 class=\"wc-block-featured-category__title\">Kosmetick\u00e9 suroviny<\/h2><div class=\"wc-block-featured-category__description\"><p>P\u0159\u00edrodn\u00ed <strong>kosmetick\u00e9 suroviny<\/strong> nejsou jen technologick\u00e9 p\u0159\u00edsady ovliv\u0148uj\u00edc\u00ed konzistenci, strukturu a trvanlivost produktu, ale tak\u00e9 rostlinn\u00e9 biologicky aktivn\u00ed l\u00e1tky zlep\u0161uj\u00edc\u00ed vlastnosti a dod\u00e1vaj\u00edc\u00ed vyr\u00e1b\u011bn\u00e9 kosmetice dodate\u010dn\u00e9 estetick\u00e9 kvality. Nab\u00edz\u00edme vysoce kvalitn\u00ed <strong>kosmetick\u00e9 suroviny<\/strong> obou kategori\u00ed, dod\u00e1van\u00e9 pouze od ov\u011b\u0159en\u00fdch v\u00fdrobc\u016f a dostupn\u00e9 tak\u00e9 ve velkoobchodn\u00ed distribuci. <\/p>\n<\/div><div class=\"wc-block-featured-category__inner-blocks\">\n\n<div class=\"wp-block-buttons is-content-justification-center is-layout-flex wp-container-core-buttons-is-layout-16018d1d wp-block-buttons-is-layout-flex\">\n<div class=\"wp-block-button\"><a class=\"wp-block-button__link\" href=\"https:\/\/naturalpoland.pl\/kategoria\/produkty-dla-przemyslu-kosmetycznego\/surowce-kosmetyczne\/\">Kup nyn\u00ed<\/a><\/div>\n<\/div>\n\n<\/div><\/div><\/div>\n<div style=\"height:35px\" aria-hidden=\"true\" class=\"wp-block-spacer\"><\/div>\n\n<p>Kl\u00ed\u010dem k bezpe\u010dnosti a vysok\u00e9 kvalit\u011b hotov\u00e9ho v\u00fdrobku je tak\u00e9 po\u0159izov\u00e1n\u00ed slo\u017eek pouze ze spolehliv\u00fdch zdroj\u016f a <strong>spol\u00e9h\u00e1n\u00ed se na suroviny nejvy\u0161\u0161\u00ed osv\u011bd\u010den\u00e9 kvality<\/strong>. Bez ohledu na to, jak bezpe\u010dn\u00e1 a zdrav\u00e1 by l\u00e1tka m\u011bla b\u00fdt, pokud poch\u00e1z\u00ed z pochybn\u00e9ho zdroje, m\u016f\u017ee nejen zhor\u0161it kvalitu kone\u010dn\u00e9ho v\u00fdrobku, ale dokonce ohrozit na\u0161e zdrav\u00ed. Zvl\u00e1\u0161tn\u00ed riziko se t\u00fdk\u00e1 p\u0159\u00edrodn\u00edch l\u00e1tek a rostlinn\u00fdch extrakt\u016f &#8211; chybn\u00e1 identifikace rostliny nebo kontaminace jin\u00fdm druhem m\u016f\u017ee zp\u016fsobit, \u017ee l\u00e9\u010div\u00fd extrakt bude toxick\u00fd. Dra\u017e\u0161\u00ed a t\u011b\u017eko dostupn\u00e9 suroviny se n\u011bkdy tak\u00e9 z\u00e1m\u011brn\u011b fal\u0161uj\u00ed, aby se sn\u00ed\u017eila jejich cena.   <\/p>\n\n<h2 class=\"wp-block-heading\">Dom\u00e1c\u00ed kosmetika na prodej nebo pro vlastn\u00ed pot\u0159ebu?<\/h2>\n\n<p>Dom\u00e1c\u00ed v\u00fdroba p\u0159\u00edrodn\u00ed kosmetiky m\u016f\u017ee b\u00fdt skv\u011bl\u00fdm zp\u016fsobem, jak pe\u010dovat o svou ple\u0165 &#8211; vlastnoru\u010dn\u011b p\u0159ipraven\u00e9 produkty jsou pln\u011b p\u0159izp\u016fsoben\u00e9 na\u0161im pot\u0159eb\u00e1m a neobsahuj\u00ed \u0161kodliv\u00e9 l\u00e1tky, kter\u00fdm se v produktech z obchod\u016f \u010dasto t\u011b\u017eko vyhneme. V\u017edy\u0165 doma se nemus\u00edme ob\u00e1vat o trvanlivost kosmetiky v reg\u00e1lu obchodu a m\u016f\u017eeme alespo\u0148 omezit p\u0159id\u00e1v\u00e1n\u00ed konzerva\u010dn\u00edch l\u00e1tek. N\u00e1klady na v\u00fdrobu dom\u00e1c\u00ed kosmetiky mohou b\u00fdt tak\u00e9 ni\u017e\u0161\u00ed a jej\u00ed v\u00fdroba se m\u016f\u017ee st\u00e1t opravdu zaj\u00edmav\u00fdm a jedine\u010dn\u00fdm kon\u00ed\u010dkem.  <\/p>\n\n<p>Jak to ale vypad\u00e1, kdy\u017e s v\u00fdrobou kosmetiky p\u0159es\u00e1hnete hranice dom\u00e1c\u00ed laborato\u0159e? Dom\u00e1c\u00ed kosmetika sice m\u016f\u017ee dob\u0159e poslou\u017eit jako speci\u00e1ln\u00ed d\u00e1rek pro n\u011bkoho bl\u00edzk\u00e9ho, ale bohu\u017eel v mez\u00edch z\u00e1kona zde mo\u017enosti leg\u00e1ln\u00ed distribuce kon\u010d\u00ed. Nehled\u011b na da\u0148ov\u00e9 ot\u00e1zky, abyste mohli sv\u016fj kosmetick\u00fd p\u0159\u00edpravek leg\u00e1ln\u011b uv\u00e1d\u011bt na trh, mus\u00ed b\u00fdt nejprve \u0159\u00e1dn\u011b otestov\u00e1n a zaregistrov\u00e1n.  <\/p>\n\n<p>Prodej dom\u00e1c\u00ed kosmetiky s sebou nese tak\u00e9 nutnost zajistit, aby podm\u00ednky vlastn\u00ed &#8222;laborato\u0159e&#8220; byly vhodn\u00e9 pro vlastn\u00ed v\u00fdrobu kosmetiky, p\u0159\u00edpravu <a href=\"https:\/\/naturalpoland.pl\/artykuly\/produkcja-kosmetykow\/etykieta-kosmetyczna-co-powinno-sie-na-niej-znalezc\/\">etiket spl\u0148uj\u00edc\u00edch p\u0159\u00edslu\u0161n\u00e9 po\u017eadavky<\/a> a spln\u011bn\u00ed dal\u0161\u00edch formalit. Ti, kte\u0159\u00ed cht\u011bj\u00ed uv\u00e9st na trh <a href=\"https:\/\/naturalpoland.pl\/artykuly\/produkcja-kosmetykow\/jak-stworzyc-wlasna-marke-kosmetykow\/\">vlastn\u00ed zna\u010dku kosmetiky<\/a>, by m\u011bli zv\u00e1\u017eit mo\u017enost zadat v\u00fdrobu kosmetick\u00e9 firm\u011b.<\/p>\n\n<hr class=\"wp-block-separator has-alpha-channel-opacity\"\/>\n\n<h2 class=\"wp-block-heading\">Literatura:<\/h2>\n\n<ul class=\"wp-block-list\" type=\"1\"><li>https:\/\/blog.zmydlona.pl\/legalna-sprzedaz-kosmetykow-jak-to-zrobic\/<\/li><li>https:\/\/www.ekologia.pl\/kobieta\/uroda\/kosmetyki-homemade-od-czego-zaczac-samodzielny-wyrob-kosmetykow,22730.html<\/li><li>https:\/\/www.izielnik.pl\/blog\/jak-zrobic-domowe-kosmetyki-wlasnej-roboty-kilka-wskazowek-i-przepisow<\/li><\/ul>\n","protected":false},"excerpt":{"rendered":"<p>Rostouc\u00ed pov\u011bdom\u00ed o \u017eivotn\u00edm prost\u0159ed\u00ed znamen\u00e1, \u017ee jsou lid\u00e9 nejen ochotn\u011bj\u0161\u00ed pou\u017e\u00edvat p\u0159\u00edrodn\u00ed kosmetiku, ale tak\u00e9 si ji st\u00e1le \u010dast\u011bji sami vyr\u00e1b\u011bj\u00ed. M\u016f\u017eete si vyr\u00e1b\u011bt kosmetiku doma a jak na to? <\/p>\n","protected":false},"author":15,"featured_media":19612,"comment_status":"closed","ping_status":"closed","sticky":false,"template":"","format":"standard","meta":{"_acf_changed":false,"footnotes":""},"categories":[2265],"tags":[],"class_list":["post-23666","post","type-post","status-publish","format-standard","has-post-thumbnail","hentry","category-vyroba-kosmetiky"],"acf":[],"yoast_head":"<!-- This site is optimized with the Yoast SEO plugin v27.4 - https:\/\/yoast.com\/product\/yoast-seo-wordpress\/ -->\n<title>Je mo\u017en\u00e9 vyr\u00e1b\u011bt kosmetiku doma?<\/title>\n<meta name=\"robots\" content=\"index, follow, max-snippet:-1, max-image-preview:large, max-video-preview:-1\" \/>\n<link rel=\"canonical\" href=\"https:\/\/naturalpoland.com\/cs\/artykuly\/vyroba-kosmetiky\/je-mozne-vyrabet-kosmetiku-doma\/\" \/>\n<meta property=\"og:locale\" content=\"cs_CZ\" \/>\n<meta property=\"og:type\" content=\"article\" \/>\n<meta property=\"og:title\" content=\"Je mo\u017en\u00e9 vyr\u00e1b\u011bt kosmetiku doma?\" \/>\n<meta property=\"og:description\" content=\"Rostouc\u00ed pov\u011bdom\u00ed o \u017eivotn\u00edm prost\u0159ed\u00ed znamen\u00e1, \u017ee jsou lid\u00e9 nejen ochotn\u011bj\u0161\u00ed pou\u017e\u00edvat p\u0159\u00edrodn\u00ed kosmetiku, ale tak\u00e9 si ji st\u00e1le \u010dast\u011bji sami vyr\u00e1b\u011bj\u00ed. M\u016f\u017eete si vyr\u00e1b\u011bt kosmetiku doma a jak na to?\" \/>\n<meta property=\"og:url\" content=\"https:\/\/naturalpoland.com\/cs\/artykuly\/vyroba-kosmetiky\/je-mozne-vyrabet-kosmetiku-doma\/\" \/>\n<meta property=\"og:site_name\" content=\"NATURAL POLAND - Velkoobchodn\u00ed distributor surovin\" \/>\n<meta property=\"article:publisher\" content=\"https:\/\/www.facebook.com\/naturalpoland.b2b\" \/>\n<meta property=\"article:published_time\" content=\"2023-06-14T12:18:55+00:00\" \/>\n<meta property=\"og:image\" content=\"https:\/\/naturalpoland.com\/wp-content\/uploads\/2022\/08\/czy-mozna-produkowac-kosmetyki-w-domu.jpg\" \/>\n\t<meta property=\"og:image:width\" content=\"1000\" \/>\n\t<meta property=\"og:image:height\" content=\"522\" \/>\n\t<meta property=\"og:image:type\" content=\"image\/jpeg\" \/>\n<meta name=\"author\" content=\"dr n. farm. Katarzyna Kimel\" \/>\n<script type=\"application\/ld+json\" class=\"yoast-schema-graph\">{\"@context\":\"https:\\\/\\\/schema.org\",\"@graph\":[{\"@type\":\"Article\",\"@id\":\"https:\\\/\\\/naturalpoland.com\\\/cs\\\/artykuly\\\/vyroba-kosmetiky\\\/je-mozne-vyrabet-kosmetiku-doma\\\/#article\",\"isPartOf\":{\"@id\":\"https:\\\/\\\/naturalpoland.com\\\/cs\\\/artykuly\\\/vyroba-kosmetiky\\\/je-mozne-vyrabet-kosmetiku-doma\\\/\"},\"author\":{\"name\":\"dr n. farm. Katarzyna Kimel\",\"@id\":\"https:\\\/\\\/naturalpoland.com\\\/cs\\\/#\\\/schema\\\/person\\\/4ff557834bad314d4e658287a692ff20\"},\"headline\":\"Je mo\u017en\u00e9 vyr\u00e1b\u011bt kosmetiku doma?\",\"datePublished\":\"2023-06-14T12:18:55+00:00\",\"mainEntityOfPage\":{\"@id\":\"https:\\\/\\\/naturalpoland.com\\\/cs\\\/artykuly\\\/vyroba-kosmetiky\\\/je-mozne-vyrabet-kosmetiku-doma\\\/\"},\"wordCount\":781,\"publisher\":{\"@id\":\"https:\\\/\\\/naturalpoland.com\\\/cs\\\/#organization\"},\"image\":{\"@id\":\"https:\\\/\\\/naturalpoland.com\\\/cs\\\/artykuly\\\/vyroba-kosmetiky\\\/je-mozne-vyrabet-kosmetiku-doma\\\/#primaryimage\"},\"thumbnailUrl\":\"https:\\\/\\\/naturalpoland.com\\\/wp-content\\\/uploads\\\/2022\\\/08\\\/czy-mozna-produkowac-kosmetyki-w-domu.jpg\",\"articleSection\":[\"V\u00fdroba kosmetiky\"],\"inLanguage\":\"cs\"},{\"@type\":\"WebPage\",\"@id\":\"https:\\\/\\\/naturalpoland.com\\\/cs\\\/artykuly\\\/vyroba-kosmetiky\\\/je-mozne-vyrabet-kosmetiku-doma\\\/\",\"url\":\"https:\\\/\\\/naturalpoland.com\\\/cs\\\/artykuly\\\/vyroba-kosmetiky\\\/je-mozne-vyrabet-kosmetiku-doma\\\/\",\"name\":\"Je mo\u017en\u00e9 vyr\u00e1b\u011bt kosmetiku doma?\",\"isPartOf\":{\"@id\":\"https:\\\/\\\/naturalpoland.com\\\/cs\\\/#website\"},\"primaryImageOfPage\":{\"@id\":\"https:\\\/\\\/naturalpoland.com\\\/cs\\\/artykuly\\\/vyroba-kosmetiky\\\/je-mozne-vyrabet-kosmetiku-doma\\\/#primaryimage\"},\"image\":{\"@id\":\"https:\\\/\\\/naturalpoland.com\\\/cs\\\/artykuly\\\/vyroba-kosmetiky\\\/je-mozne-vyrabet-kosmetiku-doma\\\/#primaryimage\"},\"thumbnailUrl\":\"https:\\\/\\\/naturalpoland.com\\\/wp-content\\\/uploads\\\/2022\\\/08\\\/czy-mozna-produkowac-kosmetyki-w-domu.jpg\",\"datePublished\":\"2023-06-14T12:18:55+00:00\",\"breadcrumb\":{\"@id\":\"https:\\\/\\\/naturalpoland.com\\\/cs\\\/artykuly\\\/vyroba-kosmetiky\\\/je-mozne-vyrabet-kosmetiku-doma\\\/#breadcrumb\"},\"inLanguage\":\"cs\",\"potentialAction\":[{\"@type\":\"ReadAction\",\"target\":[\"https:\\\/\\\/naturalpoland.com\\\/cs\\\/artykuly\\\/vyroba-kosmetiky\\\/je-mozne-vyrabet-kosmetiku-doma\\\/\"]}]},{\"@type\":\"ImageObject\",\"inLanguage\":\"cs\",\"@id\":\"https:\\\/\\\/naturalpoland.com\\\/cs\\\/artykuly\\\/vyroba-kosmetiky\\\/je-mozne-vyrabet-kosmetiku-doma\\\/#primaryimage\",\"url\":\"https:\\\/\\\/naturalpoland.com\\\/wp-content\\\/uploads\\\/2022\\\/08\\\/czy-mozna-produkowac-kosmetyki-w-domu.jpg\",\"contentUrl\":\"https:\\\/\\\/naturalpoland.com\\\/wp-content\\\/uploads\\\/2022\\\/08\\\/czy-mozna-produkowac-kosmetyki-w-domu.jpg\",\"width\":1000,\"height\":522,\"caption\":\"czy mo\u017cna produkowa\u0107 kosmetyki w domu\"},{\"@type\":\"BreadcrumbList\",\"@id\":\"https:\\\/\\\/naturalpoland.com\\\/cs\\\/artykuly\\\/vyroba-kosmetiky\\\/je-mozne-vyrabet-kosmetiku-doma\\\/#breadcrumb\",\"itemListElement\":[{\"@type\":\"ListItem\",\"position\":1,\"name\":\"Dom\u016f\",\"item\":\"https:\\\/\\\/naturalpoland.com\\\/cs\\\/\"},{\"@type\":\"ListItem\",\"position\":2,\"name\":\"Je mo\u017en\u00e9 vyr\u00e1b\u011bt kosmetiku doma?\"}]},{\"@type\":\"WebSite\",\"@id\":\"https:\\\/\\\/naturalpoland.com\\\/cs\\\/#website\",\"url\":\"https:\\\/\\\/naturalpoland.com\\\/cs\\\/\",\"name\":\"NATURAL POLAND - Velkoobchodn\u00ed distributor surovin\",\"description\":\"Surowce dla przemys\u0142u spo\u017cywczego, kosmetycznego i farmaceutycznego\",\"publisher\":{\"@id\":\"https:\\\/\\\/naturalpoland.com\\\/cs\\\/#organization\"},\"potentialAction\":[{\"@type\":\"SearchAction\",\"target\":{\"@type\":\"EntryPoint\",\"urlTemplate\":\"https:\\\/\\\/naturalpoland.com\\\/cs\\\/?s={search_term_string}\"},\"query-input\":{\"@type\":\"PropertyValueSpecification\",\"valueRequired\":true,\"valueName\":\"search_term_string\"}}],\"inLanguage\":\"cs\"},{\"@type\":\"Organization\",\"@id\":\"https:\\\/\\\/naturalpoland.com\\\/cs\\\/#organization\",\"name\":\"Natural Poland\",\"url\":\"https:\\\/\\\/naturalpoland.com\\\/cs\\\/\",\"logo\":{\"@type\":\"ImageObject\",\"inLanguage\":\"cs\",\"@id\":\"https:\\\/\\\/naturalpoland.com\\\/cs\\\/#\\\/schema\\\/logo\\\/image\\\/\",\"url\":\"https:\\\/\\\/naturalpoland.com\\\/wp-content\\\/uploads\\\/2021\\\/05\\\/natural-poland-icon.png\",\"contentUrl\":\"https:\\\/\\\/naturalpoland.com\\\/wp-content\\\/uploads\\\/2021\\\/05\\\/natural-poland-icon.png\",\"width\":512,\"height\":512,\"caption\":\"Natural Poland\"},\"image\":{\"@id\":\"https:\\\/\\\/naturalpoland.com\\\/cs\\\/#\\\/schema\\\/logo\\\/image\\\/\"},\"sameAs\":[\"https:\\\/\\\/www.facebook.com\\\/naturalpoland.b2b\",\"https:\\\/\\\/pl.linkedin.com\\\/company\\\/natural-poland\",\"https:\\\/\\\/www.youtube.com\\\/channel\\\/UCgeGGkvOMahZo-xu_MSEWxg\"]},{\"@type\":\"Person\",\"@id\":\"https:\\\/\\\/naturalpoland.com\\\/cs\\\/#\\\/schema\\\/person\\\/4ff557834bad314d4e658287a692ff20\",\"name\":\"dr n. farm. Katarzyna Kimel\",\"image\":{\"@type\":\"ImageObject\",\"inLanguage\":\"cs\",\"@id\":\"https:\\\/\\\/secure.gravatar.com\\\/avatar\\\/05865800fb452a217641952f0fa03e9f70fadb6b1ad0ea31fcb602bceaa7ae2e?s=96&d=mm&r=g\",\"url\":\"https:\\\/\\\/secure.gravatar.com\\\/avatar\\\/05865800fb452a217641952f0fa03e9f70fadb6b1ad0ea31fcb602bceaa7ae2e?s=96&d=mm&r=g\",\"contentUrl\":\"https:\\\/\\\/secure.gravatar.com\\\/avatar\\\/05865800fb452a217641952f0fa03e9f70fadb6b1ad0ea31fcb602bceaa7ae2e?s=96&d=mm&r=g\",\"caption\":\"dr n. farm. Katarzyna Kimel\"},\"description\":\"Doktor nauk farmaceutycznych, kt\u00f3rej zainteresowania naukowe skupiaj\u0105 si\u0119 na badaniach lek\u00f3w ro\u015blinnych i substancji biologicznie czynnych pochodzenia naturalnego. Mi\u0142o\u015bniczka podr\u00f3\u017cy i sp\u0119dzania wolnego czasu na \u0142onie natury.\",\"url\":\"https:\\\/\\\/naturalpoland.com\\\/cs\\\/artykuly\\\/author\\\/katarzyna-kimel\\\/\"}]}<\/script>\n<!-- \/ Yoast SEO plugin. -->","yoast_head_json":{"title":"Je mo\u017en\u00e9 vyr\u00e1b\u011bt kosmetiku doma?","robots":{"index":"index","follow":"follow","max-snippet":"max-snippet:-1","max-image-preview":"max-image-preview:large","max-video-preview":"max-video-preview:-1"},"canonical":"https:\/\/naturalpoland.com\/cs\/artykuly\/vyroba-kosmetiky\/je-mozne-vyrabet-kosmetiku-doma\/","og_locale":"cs_CZ","og_type":"article","og_title":"Je mo\u017en\u00e9 vyr\u00e1b\u011bt kosmetiku doma?","og_description":"Rostouc\u00ed pov\u011bdom\u00ed o \u017eivotn\u00edm prost\u0159ed\u00ed znamen\u00e1, \u017ee jsou lid\u00e9 nejen ochotn\u011bj\u0161\u00ed pou\u017e\u00edvat p\u0159\u00edrodn\u00ed kosmetiku, ale tak\u00e9 si ji st\u00e1le \u010dast\u011bji sami vyr\u00e1b\u011bj\u00ed. M\u016f\u017eete si vyr\u00e1b\u011bt kosmetiku doma a jak na to?","og_url":"https:\/\/naturalpoland.com\/cs\/artykuly\/vyroba-kosmetiky\/je-mozne-vyrabet-kosmetiku-doma\/","og_site_name":"NATURAL POLAND - Velkoobchodn\u00ed distributor surovin","article_publisher":"https:\/\/www.facebook.com\/naturalpoland.b2b","article_published_time":"2023-06-14T12:18:55+00:00","og_image":[{"width":1000,"height":522,"url":"https:\/\/naturalpoland.com\/wp-content\/uploads\/2022\/08\/czy-mozna-produkowac-kosmetyki-w-domu.jpg","type":"image\/jpeg"}],"author":"dr n. farm. Katarzyna Kimel","schema":{"@context":"https:\/\/schema.org","@graph":[{"@type":"Article","@id":"https:\/\/naturalpoland.com\/cs\/artykuly\/vyroba-kosmetiky\/je-mozne-vyrabet-kosmetiku-doma\/#article","isPartOf":{"@id":"https:\/\/naturalpoland.com\/cs\/artykuly\/vyroba-kosmetiky\/je-mozne-vyrabet-kosmetiku-doma\/"},"author":{"name":"dr n. farm. Katarzyna Kimel","@id":"https:\/\/naturalpoland.com\/cs\/#\/schema\/person\/4ff557834bad314d4e658287a692ff20"},"headline":"Je mo\u017en\u00e9 vyr\u00e1b\u011bt kosmetiku doma?","datePublished":"2023-06-14T12:18:55+00:00","mainEntityOfPage":{"@id":"https:\/\/naturalpoland.com\/cs\/artykuly\/vyroba-kosmetiky\/je-mozne-vyrabet-kosmetiku-doma\/"},"wordCount":781,"publisher":{"@id":"https:\/\/naturalpoland.com\/cs\/#organization"},"image":{"@id":"https:\/\/naturalpoland.com\/cs\/artykuly\/vyroba-kosmetiky\/je-mozne-vyrabet-kosmetiku-doma\/#primaryimage"},"thumbnailUrl":"https:\/\/naturalpoland.com\/wp-content\/uploads\/2022\/08\/czy-mozna-produkowac-kosmetyki-w-domu.jpg","articleSection":["V\u00fdroba kosmetiky"],"inLanguage":"cs"},{"@type":"WebPage","@id":"https:\/\/naturalpoland.com\/cs\/artykuly\/vyroba-kosmetiky\/je-mozne-vyrabet-kosmetiku-doma\/","url":"https:\/\/naturalpoland.com\/cs\/artykuly\/vyroba-kosmetiky\/je-mozne-vyrabet-kosmetiku-doma\/","name":"Je mo\u017en\u00e9 vyr\u00e1b\u011bt kosmetiku doma?","isPartOf":{"@id":"https:\/\/naturalpoland.com\/cs\/#website"},"primaryImageOfPage":{"@id":"https:\/\/naturalpoland.com\/cs\/artykuly\/vyroba-kosmetiky\/je-mozne-vyrabet-kosmetiku-doma\/#primaryimage"},"image":{"@id":"https:\/\/naturalpoland.com\/cs\/artykuly\/vyroba-kosmetiky\/je-mozne-vyrabet-kosmetiku-doma\/#primaryimage"},"thumbnailUrl":"https:\/\/naturalpoland.com\/wp-content\/uploads\/2022\/08\/czy-mozna-produkowac-kosmetyki-w-domu.jpg","datePublished":"2023-06-14T12:18:55+00:00","breadcrumb":{"@id":"https:\/\/naturalpoland.com\/cs\/artykuly\/vyroba-kosmetiky\/je-mozne-vyrabet-kosmetiku-doma\/#breadcrumb"},"inLanguage":"cs","potentialAction":[{"@type":"ReadAction","target":["https:\/\/naturalpoland.com\/cs\/artykuly\/vyroba-kosmetiky\/je-mozne-vyrabet-kosmetiku-doma\/"]}]},{"@type":"ImageObject","inLanguage":"cs","@id":"https:\/\/naturalpoland.com\/cs\/artykuly\/vyroba-kosmetiky\/je-mozne-vyrabet-kosmetiku-doma\/#primaryimage","url":"https:\/\/naturalpoland.com\/wp-content\/uploads\/2022\/08\/czy-mozna-produkowac-kosmetyki-w-domu.jpg","contentUrl":"https:\/\/naturalpoland.com\/wp-content\/uploads\/2022\/08\/czy-mozna-produkowac-kosmetyki-w-domu.jpg","width":1000,"height":522,"caption":"czy mo\u017cna produkowa\u0107 kosmetyki w domu"},{"@type":"BreadcrumbList","@id":"https:\/\/naturalpoland.com\/cs\/artykuly\/vyroba-kosmetiky\/je-mozne-vyrabet-kosmetiku-doma\/#breadcrumb","itemListElement":[{"@type":"ListItem","position":1,"name":"Dom\u016f","item":"https:\/\/naturalpoland.com\/cs\/"},{"@type":"ListItem","position":2,"name":"Je mo\u017en\u00e9 vyr\u00e1b\u011bt kosmetiku doma?"}]},{"@type":"WebSite","@id":"https:\/\/naturalpoland.com\/cs\/#website","url":"https:\/\/naturalpoland.com\/cs\/","name":"NATURAL POLAND - Velkoobchodn\u00ed distributor surovin","description":"Surowce dla przemys\u0142u spo\u017cywczego, kosmetycznego i farmaceutycznego","publisher":{"@id":"https:\/\/naturalpoland.com\/cs\/#organization"},"potentialAction":[{"@type":"SearchAction","target":{"@type":"EntryPoint","urlTemplate":"https:\/\/naturalpoland.com\/cs\/?s={search_term_string}"},"query-input":{"@type":"PropertyValueSpecification","valueRequired":true,"valueName":"search_term_string"}}],"inLanguage":"cs"},{"@type":"Organization","@id":"https:\/\/naturalpoland.com\/cs\/#organization","name":"Natural Poland","url":"https:\/\/naturalpoland.com\/cs\/","logo":{"@type":"ImageObject","inLanguage":"cs","@id":"https:\/\/naturalpoland.com\/cs\/#\/schema\/logo\/image\/","url":"https:\/\/naturalpoland.com\/wp-content\/uploads\/2021\/05\/natural-poland-icon.png","contentUrl":"https:\/\/naturalpoland.com\/wp-content\/uploads\/2021\/05\/natural-poland-icon.png","width":512,"height":512,"caption":"Natural Poland"},"image":{"@id":"https:\/\/naturalpoland.com\/cs\/#\/schema\/logo\/image\/"},"sameAs":["https:\/\/www.facebook.com\/naturalpoland.b2b","https:\/\/pl.linkedin.com\/company\/natural-poland","https:\/\/www.youtube.com\/channel\/UCgeGGkvOMahZo-xu_MSEWxg"]},{"@type":"Person","@id":"https:\/\/naturalpoland.com\/cs\/#\/schema\/person\/4ff557834bad314d4e658287a692ff20","name":"dr n. farm. Katarzyna Kimel","image":{"@type":"ImageObject","inLanguage":"cs","@id":"https:\/\/secure.gravatar.com\/avatar\/05865800fb452a217641952f0fa03e9f70fadb6b1ad0ea31fcb602bceaa7ae2e?s=96&d=mm&r=g","url":"https:\/\/secure.gravatar.com\/avatar\/05865800fb452a217641952f0fa03e9f70fadb6b1ad0ea31fcb602bceaa7ae2e?s=96&d=mm&r=g","contentUrl":"https:\/\/secure.gravatar.com\/avatar\/05865800fb452a217641952f0fa03e9f70fadb6b1ad0ea31fcb602bceaa7ae2e?s=96&d=mm&r=g","caption":"dr n. farm. Katarzyna Kimel"},"description":"Doktor nauk farmaceutycznych, kt\u00f3rej zainteresowania naukowe skupiaj\u0105 si\u0119 na badaniach lek\u00f3w ro\u015blinnych i substancji biologicznie czynnych pochodzenia naturalnego. Mi\u0142o\u015bniczka podr\u00f3\u017cy i sp\u0119dzania wolnego czasu na \u0142onie natury.","url":"https:\/\/naturalpoland.com\/cs\/artykuly\/author\/katarzyna-kimel\/"}]}},"_links":{"self":[{"href":"https:\/\/naturalpoland.com\/cs\/wp-json\/wp\/v2\/posts\/23666","targetHints":{"allow":["GET"]}}],"collection":[{"href":"https:\/\/naturalpoland.com\/cs\/wp-json\/wp\/v2\/posts"}],"about":[{"href":"https:\/\/naturalpoland.com\/cs\/wp-json\/wp\/v2\/types\/post"}],"author":[{"embeddable":true,"href":"https:\/\/naturalpoland.com\/cs\/wp-json\/wp\/v2\/users\/15"}],"replies":[{"embeddable":true,"href":"https:\/\/naturalpoland.com\/cs\/wp-json\/wp\/v2\/comments?post=23666"}],"version-history":[{"count":0,"href":"https:\/\/naturalpoland.com\/cs\/wp-json\/wp\/v2\/posts\/23666\/revisions"}],"wp:featuredmedia":[{"embeddable":true,"href":"https:\/\/naturalpoland.com\/cs\/wp-json\/wp\/v2\/media\/19612"}],"wp:attachment":[{"href":"https:\/\/naturalpoland.com\/cs\/wp-json\/wp\/v2\/media?parent=23666"}],"wp:term":[{"taxonomy":"category","embeddable":true,"href":"https:\/\/naturalpoland.com\/cs\/wp-json\/wp\/v2\/categories?post=23666"},{"taxonomy":"post_tag","embeddable":true,"href":"https:\/\/naturalpoland.com\/cs\/wp-json\/wp\/v2\/tags?post=23666"}],"curies":[{"name":"wp","href":"https:\/\/api.w.org\/{rel}","templated":true}]}}