{"id":32847,"date":"2024-06-26T11:11:09","date_gmt":"2024-06-26T09:11:09","guid":{"rendered":"https:\/\/naturalpoland.com\/artykuly\/prirodni-produkty\/vlastnosti-a-vyuziti-andeliky\/"},"modified":"2024-06-26T11:11:10","modified_gmt":"2024-06-26T09:11:10","slug":"vlastnosti-a-vyuziti-andeliky","status":"publish","type":"post","link":"https:\/\/naturalpoland.com\/cs\/artykuly\/prirodni-produkty\/vlastnosti-a-vyuziti-andeliky\/","title":{"rendered":"Vlastnosti a vyu\u017eit\u00ed and\u011bliky"},"content":{"rendered":"\n<p>And\u011blika je v tradi\u010dn\u00ed lidov\u00e9 medic\u00edn\u011b zn\u00e1m\u00e1 po tis\u00edce let. Jej\u00ed l\u00e9\u010div\u00e9 schopnosti lid\u00e9 objevili u\u017e v obdob\u00ed st\u0159edov\u011bku, odkud poch\u00e1z\u00ed i jej\u00ed lidov\u00e9 n\u00e1zvy: and\u011blsk\u00e1 bylina \u010di archand\u011bl\u016fv ko\u0159en. Krom\u011b \u0159ady l\u00e9\u010div\u00fdch \u00fa\u010dink\u016f se and\u011blika n\u011bkdy pou\u017e\u00edv\u00e1 i p\u0159i v\u00fdrob\u011b lik\u00e9r\u016f a parf\u00e9m\u016f. Jak\u00e9 jsou \u00fa\u010dinky a vyu\u017eit\u00ed and\u011bliky?   <\/p>\n\n<h2 class=\"wp-block-heading\">Jak and\u011blika vypad\u00e1?<\/h2>\n\n<p><strong>And\u011blika zahradn\u00ed<\/strong> nebo <strong>velk\u00e1 and\u011blika<\/strong> (litvora), divok\u00fd celer nebo jednodu\u0161e and\u011blika (<em>Angelica archangelica<\/em> L.) je bylina pat\u0159\u00edc\u00ed stejn\u011b jako mrkev, fenykl nebo persk\u00fd km\u00edn do \u010deledi mi\u0159\u00edkovit\u00fdch (<em>Apiaceae<\/em>). Vzhledov\u011b m\u016f\u017ee tak\u00e9 p\u0159ipom\u00ednat bol\u0161evn\u00edk Sosnowsk\u00e9ho &#8211; proto je t\u0159eba postupovat opatrn\u011b, pokud si nejsme zcela jisti ur\u010den\u00edm druhu.  <\/p>\n\n<p>Stejn\u011b jako p\u0159\u00edbuzn\u00e9 druhy m\u00e1 specifick\u00fd a charakteristick\u00fd vzhled. Stonek and\u011bliky je dut\u00fd a prakticky hol\u00fd, dor\u016fst\u00e1 v\u00fd\u0161ky a\u017e 1,5-2,5 m. Na vrcholku stonku je zakon\u010dena siln\u011b vypoukl\u00fdm kv\u011btenstv\u00edm s kulovit\u00fdmi okol\u00edky. Nicm\u00e9n\u011b pro l\u00e9\u010debn\u00e9 \u00fa\u010dely se pou\u017e\u00edvaj\u00ed p\u0159edev\u0161\u00edm <strong>podzemn\u00ed \u010d\u00e1sti and\u011bliky &#8211; jej\u00ed ko\u0159en a podno\u017e<\/strong>. Tyto \u010d\u00e1sti jsou kr\u00e1tk\u00e9 a vevnit\u0159 b\u00edl\u00e9 a houbovit\u00e9. Krom\u011b p\u0159\u00edpravk\u016f z ko\u0159ene and\u011bliky je mo\u017en\u00e9 podzemn\u00ed \u010d\u00e1sti rostliny a tak\u00e9 semena pou\u017e\u00edt k z\u00edsk\u00e1n\u00ed \u00e9terick\u00e9ho oleje.     <\/p>\n\n<div style=\"height:20px\" aria-hidden=\"true\" class=\"wp-block-spacer\"><\/div>\n<div data-block-name=\"woocommerce\/featured-product\" data-edit-mode=\"false\" data-image-fit=\"cover\" data-min-height=\"436\" data-product-id=\"34163\" class=\"wc-block-featured-product alignnone has-background-dim wp-block-woocommerce-featured-product\" style=\"min-height:436px;\"><div class=\"wc-block-featured-product__wrapper\"><div class=\"background-dim__overlay\" style=\"background-color: #000000\"><\/div><img decoding=\"async\" alt=\"Extrakt z ko\u0159ene and\u011bliky l\u00e9ka\u0159sk\u00e9\" class=\"wc-block-featured-product__background-image\" src=\"https:\/\/naturalpoland.com\/wp-content\/uploads\/ekstrakt-z-korzenia-arcydziegla.webp\" style=\"object-fit: cover;object-position: 50% 50%;\" \/><h2 class=\"wc-block-featured-product__title\">Extrakt z ko\u0159ene and\u011bliky l\u00e9ka\u0159sk\u00e9<\/h2><div class=\"wc-block-featured-product__description\"><p>Extrakt z ko\u0159ene and\u011bliky l\u00e9ka\u0159sk\u00e9 poch\u00e1z\u00ed z rostliny, kter\u00e1 podle legendy poch\u00e1z\u00ed z druhu, kter\u00fd na Zemi p\u0159inesl archand\u011bl Rafael. Proto je jeho latinsk\u00fd n\u00e1zev <strong><em>Angelica archangelica<\/em><\/strong>. Tento extrakt se \u010dasto pou\u017e\u00edv\u00e1 v prost\u0159edc\u00edch, kter\u00e9 pom\u00e1haj\u00ed bojovat s plynatost\u00ed a pocitem plnosti.<\/p>\n<\/div><div class=\"wc-block-featured-product__price\"><\/div><div class=\"wc-block-featured-product__inner-blocks\">\n\n<div class=\"wp-block-buttons is-content-justification-center is-layout-flex wp-container-core-buttons-is-layout-16018d1d wp-block-buttons-is-layout-flex\">\n<div class=\"wp-block-button\"><a class=\"wp-block-button__link wp-element-button\" href=\"https:\/\/naturalpoland.com\/produkty\/ekstrakty-roslinne\/ekstrakt-z-korzenia-arcydziegla\/\">Kup nyn\u00ed<\/a><\/div>\n<\/div>\n\n<\/div><\/div><\/div>\n<div style=\"height:50px\" aria-hidden=\"true\" class=\"wp-block-spacer\"><\/div>\n\n<h2 class=\"wp-block-heading\">And\u011blika &#8211; l\u00e9\u010div\u00e9 vlastnosti<\/h2>\n\n<p>Ko\u0159en and\u011bliky m\u00e1 komplexn\u00ed chemick\u00e9 slo\u017een\u00ed a rozs\u00e1hl\u00e9 l\u00e9\u010div\u00e9 vlastnosti. Nejv\u00edce se pou\u017e\u00edv\u00e1 pro sv\u016fj <strong>pozitivn\u00ed \u00fa\u010dinek na tr\u00e1vic\u00ed \u00fastroj\u00ed<\/strong>. And\u011blika zvy\u0161uje sekreci \u017ealude\u010dn\u00ed \u0161\u0165\u00e1vy a slin, stimuluje vylu\u010dov\u00e1n\u00ed tr\u00e1vic\u00edch enzym\u016f a z\u00e1rove\u0148 p\u016fsob\u00ed relaxa\u010dn\u011b na hladk\u00e9 svalstvo tr\u00e1vic\u00edho traktu a \u017elu\u010dov\u00fdch cest.   <\/p>\n\n<p>Krom\u011b podpory tr\u00e1ven\u00ed m\u00e1 tato bylina tak\u00e9 detoxika\u010dn\u00ed \u00fa\u010dinek d\u00edky sv\u00fdm <strong>mo\u010dopudn\u00fdm a antimikrobi\u00e1ln\u00edm vlastnostem<\/strong> a &#8211; na rozd\u00edl od brusinek &#8211; nezp\u016fsobuje p\u0159ekyselen\u00ed mo\u010di. Rostlina v\u0161ak ovliv\u0148uje i dal\u0161\u00ed t\u011blesn\u00e9 syst\u00e9my.  <\/p>\n\n<p>Olej z and\u011bliky m\u00e1 <strong>protistresov\u00e9, sedativn\u00ed,<\/strong> protik\u0159e\u010dov\u00e9 a neuroprotektivn\u00ed vlastnosti a p\u016fsob\u00ed <strong>protiz\u00e1n\u011btliv\u011b<\/strong> a <strong>protirevmaticky<\/strong>. <\/p>\n\n<p>Krom\u011b vnit\u0159n\u00edho u\u017eit\u00ed je p\u0159\u00ednosem tak\u00e9 pou\u017eit\u00ed olej\u016f nebo obklad\u016f s v\u00fdta\u017ekem z ko\u0159ene and\u011bliky na poko\u017eku. Olej z and\u011bliky m\u00e1 schopnosti <strong>urychlovat hojen\u00ed ran a p\u016fsob\u00ed antimikrobi\u00e1ln\u011b<\/strong>. <\/p>\n\n<h2 class=\"wp-block-heading\">And\u011blika \u2013 vyu\u017eit\u00ed<\/h2>\n\n<p>D\u00edky sv\u00fdm \u010detn\u00fdm l\u00e9\u010div\u00fdm \u00fa\u010dink\u016fm je and\u011blika hojn\u011b vyu\u017e\u00edv\u00e1na v tradi\u010dn\u00ed medic\u00edn\u011b. M\u016f\u017eete ji pou\u017e\u00edt p\u0159i pot\u00ed\u017e\u00edch, jako jsou: <\/p>\n\n<ul class=\"wp-block-list\">\n<li>Za\u017e\u00edvac\u00ed pot\u00ed\u017ee, nad\u00fdm\u00e1n\u00ed, p\u00e1len\u00ed \u017e\u00e1hy.<\/li>\n\n\n\n<li>Nechutenstv\u00ed k j\u00eddlu<\/li>\n\n\n\n<li>Onemocn\u011bn\u00ed demenc\u00ed<\/li>\n\n\n\n<li>Stavy zv\u00fd\u0161en\u00e9ho nervov\u00e9ho nap\u011bt\u00ed, probl\u00e9my s us\u00edn\u00e1n\u00edm<\/li>\n\n\n\n<li>Infekce mo\u010dov\u00fdch cest<\/li>\n\n\n\n<li>Bolesti kloub\u016f, revmatick\u00e1 onemocn\u011bn\u00ed.<\/li>\n<\/ul>\n\n<p>Jak je uvedeno v\u00fd\u0161e, and\u011bliku je mo\u017en\u00e9 vyu\u017e\u00edt nejen p\u0159i l\u00e9\u010db\u011b, ale i v dal\u0161\u00edch oblastech \u017eivota. Je to jedl\u00e1 rostlina, kter\u00e1 se pou\u017e\u00edv\u00e1 k v\u00fdrob\u011b medoviny a p\u00e1lenek (lik\u00e9r\u016f a tinktur), ke zdoben\u00ed kol\u00e1\u010d\u016f a dort\u016f a k p\u0159\u00edprav\u011b d\u017eem\u016f. V\u00fdta\u017eky z and\u011bliky se <strong>pou\u017e\u00edvaj\u00ed tak\u00e9 v kosmetice<\/strong>. Olej se d\u00edky sv\u00e9 pi\u017emov\u00e9 v\u016fni n\u011bkdy pou\u017e\u00edv\u00e1 k v\u00fdrob\u011b parf\u00e9m\u016f.  <\/p>\n\n<h2 class=\"wp-block-heading\">And\u011blika \u2013 vedlej\u0161\u00ed \u00fa\u010dinky<\/h2>\n\n<p>P\u0159esto\u017ee se \u010dasto p\u0159edpokl\u00e1d\u00e1, \u017ee pou\u017e\u00edv\u00e1n\u00ed p\u0159\u00edrodn\u00edch produkt\u016f je velice bezpe\u010dn\u00e9, nen\u00ed to v\u017edy pravda. To plat\u00ed i pro and\u011bliku a jej\u00ed vedlej\u0161\u00ed \u00fa\u010dinky.  Podobn\u011b jako nap\u0159\u00edklad <a href=\"https:\/\/naturalpoland.com\/cs\/produkty\/produkty-pro-kosmeticky-prumysl\/kosmeticke-suroviny\/vitamin-a\/\"><strong>vitamin A<\/strong><\/a> nebo <a href=\"https:\/\/naturalpoland.com\/cs\/produkty\/produkty-pro-potravinarsky-prumysl\/suroviny-pro-vyrobu\/svatojanske-moudrosti-obvykle\/\"><strong>t\u0159ezalka te\u010dkovan\u00e1<\/strong><\/a> mohou m\u00edt p\u0159\u00edpravky z ko\u0159ene and\u011bliky <strong>fotosenzibiliza\u010dn\u00ed \u00fa\u010dinky<\/strong>. To znamen\u00e1, \u017ee p\u0159i u\u017e\u00edv\u00e1n\u00ed and\u011bliky m\u016f\u017ee b\u00fdt poko\u017eka obzvl\u00e1\u0161t\u011b citliv\u00e1 na slune\u010dn\u00ed z\u00e1\u0159en\u00ed a m\u016f\u017ee se snadn\u011bji sp\u00e1lit nebo zm\u011bnit barvu. Tato vlastnost je zp\u016fsobena p\u0159\u00edtomnost\u00ed biologicky aktivn\u00edch l\u00e1tek ze skupiny furanokumarin\u016f, kter\u00e9 jsou ov\u0161em tak\u00e9 nositeli l\u00e9\u010div\u00fdch vlastnost\u00ed and\u011bliky. <\/p>\n\n<h2 class=\"wp-block-heading\">And\u011blika &#8211; kontraindikace<\/h2>\n\n<p>Vzhledem k v\u00fd\u0161e uveden\u00e9mu fotosenzibiliza\u010dn\u00edmu \u00fa\u010dinku je u\u017e\u00edv\u00e1n\u00ed and\u011bliky kontraindikov\u00e1no u osob s vysokou citlivost\u00ed na UV z\u00e1\u0159en\u00ed a u osob, kter\u00e9 u\u017e\u00edvaj\u00ed jin\u00e9 fotoalergenn\u00ed l\u00e9ky. Nav\u00edc by ji nem\u011bly u\u017e\u00edvat t\u011bhotn\u00e9 \u017eeny, proto\u017ee m\u016f\u017ee stimulovat d\u011blo\u017en\u00ed stahy a v\u00e9st k p\u0159ed\u010dasn\u00e9mu porodu. Dal\u0161\u00ed kontraindikace l\u00e9\u010div\u00fdch vlastnost\u00ed and\u011bliky souvis\u00ed s mechanismem jej\u00edho p\u016fsoben\u00ed a pat\u0159\u00ed mezi n\u011b glomerulonefritida, onemocn\u011bn\u00ed \u017ealude\u010dn\u00edch v\u0159ed\u016f, gastroenteritida a tak\u00e9 prob\u00edhaj\u00edc\u00ed antikoagula\u010dn\u00ed l\u00e9\u010dba.<\/p>\n\n<h2 class=\"wp-block-heading\">Kde m\u016f\u017eete and\u011bliku koupit?<\/h2>\n\n<p>A\u017e do roku 2014 byla and\u011blika p\u0159\u00edsn\u011b chr\u00e1n\u011bnou rostlinou. V sou\u010dasn\u00e9 dob\u011b z\u016fst\u00e1v\u00e1 pod \u010d\u00e1ste\u010dnou ochranou. Sb\u011br and\u011bliky z p\u0159\u00edrodn\u00edch lokalit je proto povolen pouze v ur\u010dit\u00fdch p\u0159\u00edpadech a vy\u017eaduje povolen\u00ed. To v\u0161ak neznamen\u00e1, \u017ee ji nem\u016f\u017eete pou\u017e\u00edvat p\u0159i dom\u00e1c\u00edch l\u00e9\u010debn\u00fdch k\u00far\u00e1ch. Nejjednodu\u0161\u0161\u00ed mo\u017enost\u00ed je koupit si su\u0161en\u00fd ko\u0159en and\u011bliky nebo hotov\u00e9 v\u00fdrobky na b\u00e1zi jej\u00edho extraktu, jako je nap\u0159\u00edklad extrakt z <a href=\"https:\/\/naturalpoland.com\/produkty\/ekstrakty-roslinne\/ekstrakt-z-korzenia-arcydziegla\/\"><strong>ko\u0159ene and\u011bliky, kter\u00fd si m\u016f\u017eete koupit zde.<\/strong><\/a>    Jako\u017eto mrazuvzdornou rostlinu, kter\u00e1 nevy\u017eaduje \u017e\u00e1dnou zvl\u00e1\u0161tn\u00ed p\u00e9\u010di, je mo\u017en\u00e9 and\u011bliku p\u011bstovat i na doma na zahrad\u011b. Jej\u00ed semena je mo\u017en\u00e9 zakoupit v obchodech s bylinkami a zahradnick\u00fdmi pot\u0159ebami. <\/p>\n\n<hr class=\"wp-block-separator has-alpha-channel-opacity\"\/>\n\n<p><strong>Literatura:<\/strong><\/p>\n\n<ol class=\"wp-block-list\" style=\"list-style-type:1\">\n<li>Kaur A, Bhatti R. Understanding the phytochemistry and molecular insights tothe pharmacology of Angelica archangelica L. (garden angelica) and its bioactive components. <em>Phytotherapy Research <\/em>2021; 35(11): 5961-6979.<\/li>\n\n\n\n<li>Nikiel A. Przegl\u0105d surowc\u00f3w ro\u015blinnych o dzia\u0142aniu fotouczulaj\u0105cym i fototoksycznym. <em>Kosmetologia Estetyczna <\/em>2017; 6(3): 231-238.<\/li>\n\n\n\n<li>\u015aciborowicz A. Arcydzi\u0119giel litwor \u2013 w\u0142a\u015bciwo\u015bci i zastosowanie. <em>Herbalism<\/em> 2019; 1(5): 50-62.<\/li>\n<\/ol>\n","protected":false},"excerpt":{"rendered":"<p>And\u011blika je v tradi\u010dn\u00ed lidov\u00e9 medic\u00edn\u011b zn\u00e1m\u00e1 po tis\u00edce let. Jej\u00ed l\u00e9\u010div\u00e9 schopnosti lid\u00e9 objevili u\u017e v obdob\u00ed st\u0159edov\u011bku, odkud poch\u00e1z\u00ed i jej\u00ed lidov\u00e9 n\u00e1zvy: and\u011blsk\u00e1 bylina \u010di archand\u011bl\u016fv ko\u0159en. Krom\u011b \u0159ady l\u00e9\u010div\u00fdch \u00fa\u010dink\u016f se and\u011blika n\u011bkdy pou\u017e\u00edv\u00e1 i p\u0159i v\u00fdrob\u011b lik\u00e9r\u016f a parf\u00e9m\u016f. Jak\u00e9 jsou \u00fa\u010dinky a vyu\u017eit\u00ed and\u011bliky?   <\/p>\n","protected":false},"author":15,"featured_media":25802,"comment_status":"closed","ping_status":"closed","sticky":false,"template":"","format":"standard","meta":{"_acf_changed":false,"footnotes":""},"categories":[1807],"tags":[],"class_list":["post-32847","post","type-post","status-publish","format-standard","has-post-thumbnail","hentry","category-prirodni-produkty"],"acf":[],"yoast_head":"<!-- This site is optimized with the Yoast SEO plugin v27.5 - https:\/\/yoast.com\/product\/yoast-seo-wordpress\/ -->\n<title>Vlastnosti a vyu\u017eit\u00ed and\u011bliky<\/title>\n<meta name=\"description\" content=\"And\u011blika je v tradi\u010dn\u00ed lidov\u00e9 medic\u00edn\u011b zn\u00e1m\u00e1 po tis\u00edce let. Jak\u00e9 jsou \u00fa\u010dinky a vyu\u017eit\u00ed and\u011bliky?\" \/>\n<meta name=\"robots\" content=\"index, follow, max-snippet:-1, max-image-preview:large, max-video-preview:-1\" \/>\n<link rel=\"canonical\" href=\"https:\/\/naturalpoland.com\/cs\/artykuly\/prirodni-produkty\/vlastnosti-a-vyuziti-andeliky\/\" \/>\n<meta property=\"og:locale\" content=\"cs_CZ\" \/>\n<meta property=\"og:type\" content=\"article\" \/>\n<meta property=\"og:title\" content=\"Vlastnosti a vyu\u017eit\u00ed and\u011bliky\" \/>\n<meta property=\"og:description\" content=\"And\u011blika je v tradi\u010dn\u00ed lidov\u00e9 medic\u00edn\u011b zn\u00e1m\u00e1 po tis\u00edce let. Jak\u00e9 jsou \u00fa\u010dinky a vyu\u017eit\u00ed and\u011bliky?\" \/>\n<meta property=\"og:url\" content=\"https:\/\/naturalpoland.com\/cs\/artykuly\/prirodni-produkty\/vlastnosti-a-vyuziti-andeliky\/\" \/>\n<meta property=\"og:site_name\" content=\"NATURAL POLAND - Velkoobchodn\u00ed distributor surovin\" \/>\n<meta property=\"article:publisher\" content=\"https:\/\/www.facebook.com\/naturalpoland.b2b\" \/>\n<meta property=\"article:published_time\" content=\"2024-06-26T09:11:09+00:00\" \/>\n<meta property=\"article:modified_time\" content=\"2024-06-26T09:11:10+00:00\" \/>\n<meta property=\"og:image\" content=\"https:\/\/naturalpoland.com\/wp-content\/uploads\/wlasciwosci-arcydzie\u0328gla.jpg\" \/>\n\t<meta property=\"og:image:width\" content=\"1024\" \/>\n\t<meta property=\"og:image:height\" content=\"610\" \/>\n\t<meta property=\"og:image:type\" content=\"image\/jpeg\" \/>\n<meta name=\"author\" content=\"dr n. farm. Katarzyna Kimel\" \/>\n<script type=\"application\/ld+json\" class=\"yoast-schema-graph\">{\"@context\":\"https:\\\/\\\/schema.org\",\"@graph\":[{\"@type\":\"Article\",\"@id\":\"https:\\\/\\\/naturalpoland.com\\\/cs\\\/artykuly\\\/prirodni-produkty\\\/vlastnosti-a-vyuziti-andeliky\\\/#article\",\"isPartOf\":{\"@id\":\"https:\\\/\\\/naturalpoland.com\\\/cs\\\/artykuly\\\/prirodni-produkty\\\/vlastnosti-a-vyuziti-andeliky\\\/\"},\"author\":{\"name\":\"dr n. farm. Katarzyna Kimel\",\"@id\":\"https:\\\/\\\/naturalpoland.com\\\/cs\\\/#\\\/schema\\\/person\\\/4ff557834bad314d4e658287a692ff20\"},\"headline\":\"Vlastnosti a vyu\u017eit\u00ed and\u011bliky\",\"datePublished\":\"2024-06-26T09:11:09+00:00\",\"dateModified\":\"2024-06-26T09:11:10+00:00\",\"mainEntityOfPage\":{\"@id\":\"https:\\\/\\\/naturalpoland.com\\\/cs\\\/artykuly\\\/prirodni-produkty\\\/vlastnosti-a-vyuziti-andeliky\\\/\"},\"wordCount\":1038,\"publisher\":{\"@id\":\"https:\\\/\\\/naturalpoland.com\\\/cs\\\/#organization\"},\"image\":{\"@id\":\"https:\\\/\\\/naturalpoland.com\\\/cs\\\/artykuly\\\/prirodni-produkty\\\/vlastnosti-a-vyuziti-andeliky\\\/#primaryimage\"},\"thumbnailUrl\":\"https:\\\/\\\/naturalpoland.com\\\/wp-content\\\/uploads\\\/wlasciwosci-arcydzie\u0328gla.jpg\",\"articleSection\":[\"P\u0159\u00edrodn\u00ed produkty\"],\"inLanguage\":\"cs\"},{\"@type\":\"WebPage\",\"@id\":\"https:\\\/\\\/naturalpoland.com\\\/cs\\\/artykuly\\\/prirodni-produkty\\\/vlastnosti-a-vyuziti-andeliky\\\/\",\"url\":\"https:\\\/\\\/naturalpoland.com\\\/cs\\\/artykuly\\\/prirodni-produkty\\\/vlastnosti-a-vyuziti-andeliky\\\/\",\"name\":\"Vlastnosti a vyu\u017eit\u00ed and\u011bliky\",\"isPartOf\":{\"@id\":\"https:\\\/\\\/naturalpoland.com\\\/cs\\\/#website\"},\"primaryImageOfPage\":{\"@id\":\"https:\\\/\\\/naturalpoland.com\\\/cs\\\/artykuly\\\/prirodni-produkty\\\/vlastnosti-a-vyuziti-andeliky\\\/#primaryimage\"},\"image\":{\"@id\":\"https:\\\/\\\/naturalpoland.com\\\/cs\\\/artykuly\\\/prirodni-produkty\\\/vlastnosti-a-vyuziti-andeliky\\\/#primaryimage\"},\"thumbnailUrl\":\"https:\\\/\\\/naturalpoland.com\\\/wp-content\\\/uploads\\\/wlasciwosci-arcydzie\u0328gla.jpg\",\"datePublished\":\"2024-06-26T09:11:09+00:00\",\"dateModified\":\"2024-06-26T09:11:10+00:00\",\"description\":\"And\u011blika je v tradi\u010dn\u00ed lidov\u00e9 medic\u00edn\u011b zn\u00e1m\u00e1 po tis\u00edce let. Jak\u00e9 jsou \u00fa\u010dinky a vyu\u017eit\u00ed and\u011bliky?\",\"breadcrumb\":{\"@id\":\"https:\\\/\\\/naturalpoland.com\\\/cs\\\/artykuly\\\/prirodni-produkty\\\/vlastnosti-a-vyuziti-andeliky\\\/#breadcrumb\"},\"inLanguage\":\"cs\",\"potentialAction\":[{\"@type\":\"ReadAction\",\"target\":[\"https:\\\/\\\/naturalpoland.com\\\/cs\\\/artykuly\\\/prirodni-produkty\\\/vlastnosti-a-vyuziti-andeliky\\\/\"]}]},{\"@type\":\"ImageObject\",\"inLanguage\":\"cs\",\"@id\":\"https:\\\/\\\/naturalpoland.com\\\/cs\\\/artykuly\\\/prirodni-produkty\\\/vlastnosti-a-vyuziti-andeliky\\\/#primaryimage\",\"url\":\"https:\\\/\\\/naturalpoland.com\\\/wp-content\\\/uploads\\\/wlasciwosci-arcydzie\u0328gla.jpg\",\"contentUrl\":\"https:\\\/\\\/naturalpoland.com\\\/wp-content\\\/uploads\\\/wlasciwosci-arcydzie\u0328gla.jpg\",\"width\":1024,\"height\":610,\"caption\":\"w\u0142a\u015bciwo\u015bci arcydzi\u0119gla\"},{\"@type\":\"BreadcrumbList\",\"@id\":\"https:\\\/\\\/naturalpoland.com\\\/cs\\\/artykuly\\\/prirodni-produkty\\\/vlastnosti-a-vyuziti-andeliky\\\/#breadcrumb\",\"itemListElement\":[{\"@type\":\"ListItem\",\"position\":1,\"name\":\"Dom\u016f\",\"item\":\"https:\\\/\\\/naturalpoland.com\\\/cs\\\/\"},{\"@type\":\"ListItem\",\"position\":2,\"name\":\"Vlastnosti a vyu\u017eit\u00ed and\u011bliky\"}]},{\"@type\":\"WebSite\",\"@id\":\"https:\\\/\\\/naturalpoland.com\\\/cs\\\/#website\",\"url\":\"https:\\\/\\\/naturalpoland.com\\\/cs\\\/\",\"name\":\"NATURAL POLAND - Velkoobchodn\u00ed distributor surovin\",\"description\":\"Surowce dla przemys\u0142u spo\u017cywczego, kosmetycznego i farmaceutycznego\",\"publisher\":{\"@id\":\"https:\\\/\\\/naturalpoland.com\\\/cs\\\/#organization\"},\"potentialAction\":[{\"@type\":\"SearchAction\",\"target\":{\"@type\":\"EntryPoint\",\"urlTemplate\":\"https:\\\/\\\/naturalpoland.com\\\/cs\\\/?s={search_term_string}\"},\"query-input\":{\"@type\":\"PropertyValueSpecification\",\"valueRequired\":true,\"valueName\":\"search_term_string\"}}],\"inLanguage\":\"cs\"},{\"@type\":\"Organization\",\"@id\":\"https:\\\/\\\/naturalpoland.com\\\/cs\\\/#organization\",\"name\":\"Natural Poland\",\"url\":\"https:\\\/\\\/naturalpoland.com\\\/cs\\\/\",\"logo\":{\"@type\":\"ImageObject\",\"inLanguage\":\"cs\",\"@id\":\"https:\\\/\\\/naturalpoland.com\\\/cs\\\/#\\\/schema\\\/logo\\\/image\\\/\",\"url\":\"https:\\\/\\\/naturalpoland.com\\\/wp-content\\\/uploads\\\/2021\\\/05\\\/natural-poland-icon.png\",\"contentUrl\":\"https:\\\/\\\/naturalpoland.com\\\/wp-content\\\/uploads\\\/2021\\\/05\\\/natural-poland-icon.png\",\"width\":512,\"height\":512,\"caption\":\"Natural Poland\"},\"image\":{\"@id\":\"https:\\\/\\\/naturalpoland.com\\\/cs\\\/#\\\/schema\\\/logo\\\/image\\\/\"},\"sameAs\":[\"https:\\\/\\\/www.facebook.com\\\/naturalpoland.b2b\",\"https:\\\/\\\/pl.linkedin.com\\\/company\\\/natural-poland\",\"https:\\\/\\\/www.youtube.com\\\/channel\\\/UCgeGGkvOMahZo-xu_MSEWxg\"]},{\"@type\":\"Person\",\"@id\":\"https:\\\/\\\/naturalpoland.com\\\/cs\\\/#\\\/schema\\\/person\\\/4ff557834bad314d4e658287a692ff20\",\"name\":\"dr n. farm. Katarzyna Kimel\",\"image\":{\"@type\":\"ImageObject\",\"inLanguage\":\"cs\",\"@id\":\"https:\\\/\\\/secure.gravatar.com\\\/avatar\\\/05865800fb452a217641952f0fa03e9f70fadb6b1ad0ea31fcb602bceaa7ae2e?s=96&d=mm&r=g\",\"url\":\"https:\\\/\\\/secure.gravatar.com\\\/avatar\\\/05865800fb452a217641952f0fa03e9f70fadb6b1ad0ea31fcb602bceaa7ae2e?s=96&d=mm&r=g\",\"contentUrl\":\"https:\\\/\\\/secure.gravatar.com\\\/avatar\\\/05865800fb452a217641952f0fa03e9f70fadb6b1ad0ea31fcb602bceaa7ae2e?s=96&d=mm&r=g\",\"caption\":\"dr n. farm. Katarzyna Kimel\"},\"description\":\"Doktor nauk farmaceutycznych, kt\u00f3rej zainteresowania naukowe skupiaj\u0105 si\u0119 na badaniach lek\u00f3w ro\u015blinnych i substancji biologicznie czynnych pochodzenia naturalnego. Mi\u0142o\u015bniczka podr\u00f3\u017cy i sp\u0119dzania wolnego czasu na \u0142onie natury.\",\"url\":\"https:\\\/\\\/naturalpoland.com\\\/cs\\\/artykuly\\\/author\\\/katarzyna-kimel\\\/\"}]}<\/script>\n<!-- \/ Yoast SEO plugin. -->","yoast_head_json":{"title":"Vlastnosti a vyu\u017eit\u00ed and\u011bliky","description":"And\u011blika je v tradi\u010dn\u00ed lidov\u00e9 medic\u00edn\u011b zn\u00e1m\u00e1 po tis\u00edce let. Jak\u00e9 jsou \u00fa\u010dinky a vyu\u017eit\u00ed and\u011bliky?","robots":{"index":"index","follow":"follow","max-snippet":"max-snippet:-1","max-image-preview":"max-image-preview:large","max-video-preview":"max-video-preview:-1"},"canonical":"https:\/\/naturalpoland.com\/cs\/artykuly\/prirodni-produkty\/vlastnosti-a-vyuziti-andeliky\/","og_locale":"cs_CZ","og_type":"article","og_title":"Vlastnosti a vyu\u017eit\u00ed and\u011bliky","og_description":"And\u011blika je v tradi\u010dn\u00ed lidov\u00e9 medic\u00edn\u011b zn\u00e1m\u00e1 po tis\u00edce let. Jak\u00e9 jsou \u00fa\u010dinky a vyu\u017eit\u00ed and\u011bliky?","og_url":"https:\/\/naturalpoland.com\/cs\/artykuly\/prirodni-produkty\/vlastnosti-a-vyuziti-andeliky\/","og_site_name":"NATURAL POLAND - Velkoobchodn\u00ed distributor surovin","article_publisher":"https:\/\/www.facebook.com\/naturalpoland.b2b","article_published_time":"2024-06-26T09:11:09+00:00","article_modified_time":"2024-06-26T09:11:10+00:00","og_image":[{"width":1024,"height":610,"url":"https:\/\/naturalpoland.com\/wp-content\/uploads\/wlasciwosci-arcydzie\u0328gla.jpg","type":"image\/jpeg"}],"author":"dr n. farm. Katarzyna Kimel","schema":{"@context":"https:\/\/schema.org","@graph":[{"@type":"Article","@id":"https:\/\/naturalpoland.com\/cs\/artykuly\/prirodni-produkty\/vlastnosti-a-vyuziti-andeliky\/#article","isPartOf":{"@id":"https:\/\/naturalpoland.com\/cs\/artykuly\/prirodni-produkty\/vlastnosti-a-vyuziti-andeliky\/"},"author":{"name":"dr n. farm. Katarzyna Kimel","@id":"https:\/\/naturalpoland.com\/cs\/#\/schema\/person\/4ff557834bad314d4e658287a692ff20"},"headline":"Vlastnosti a vyu\u017eit\u00ed and\u011bliky","datePublished":"2024-06-26T09:11:09+00:00","dateModified":"2024-06-26T09:11:10+00:00","mainEntityOfPage":{"@id":"https:\/\/naturalpoland.com\/cs\/artykuly\/prirodni-produkty\/vlastnosti-a-vyuziti-andeliky\/"},"wordCount":1038,"publisher":{"@id":"https:\/\/naturalpoland.com\/cs\/#organization"},"image":{"@id":"https:\/\/naturalpoland.com\/cs\/artykuly\/prirodni-produkty\/vlastnosti-a-vyuziti-andeliky\/#primaryimage"},"thumbnailUrl":"https:\/\/naturalpoland.com\/wp-content\/uploads\/wlasciwosci-arcydzie\u0328gla.jpg","articleSection":["P\u0159\u00edrodn\u00ed produkty"],"inLanguage":"cs"},{"@type":"WebPage","@id":"https:\/\/naturalpoland.com\/cs\/artykuly\/prirodni-produkty\/vlastnosti-a-vyuziti-andeliky\/","url":"https:\/\/naturalpoland.com\/cs\/artykuly\/prirodni-produkty\/vlastnosti-a-vyuziti-andeliky\/","name":"Vlastnosti a vyu\u017eit\u00ed and\u011bliky","isPartOf":{"@id":"https:\/\/naturalpoland.com\/cs\/#website"},"primaryImageOfPage":{"@id":"https:\/\/naturalpoland.com\/cs\/artykuly\/prirodni-produkty\/vlastnosti-a-vyuziti-andeliky\/#primaryimage"},"image":{"@id":"https:\/\/naturalpoland.com\/cs\/artykuly\/prirodni-produkty\/vlastnosti-a-vyuziti-andeliky\/#primaryimage"},"thumbnailUrl":"https:\/\/naturalpoland.com\/wp-content\/uploads\/wlasciwosci-arcydzie\u0328gla.jpg","datePublished":"2024-06-26T09:11:09+00:00","dateModified":"2024-06-26T09:11:10+00:00","description":"And\u011blika je v tradi\u010dn\u00ed lidov\u00e9 medic\u00edn\u011b zn\u00e1m\u00e1 po tis\u00edce let. Jak\u00e9 jsou \u00fa\u010dinky a vyu\u017eit\u00ed and\u011bliky?","breadcrumb":{"@id":"https:\/\/naturalpoland.com\/cs\/artykuly\/prirodni-produkty\/vlastnosti-a-vyuziti-andeliky\/#breadcrumb"},"inLanguage":"cs","potentialAction":[{"@type":"ReadAction","target":["https:\/\/naturalpoland.com\/cs\/artykuly\/prirodni-produkty\/vlastnosti-a-vyuziti-andeliky\/"]}]},{"@type":"ImageObject","inLanguage":"cs","@id":"https:\/\/naturalpoland.com\/cs\/artykuly\/prirodni-produkty\/vlastnosti-a-vyuziti-andeliky\/#primaryimage","url":"https:\/\/naturalpoland.com\/wp-content\/uploads\/wlasciwosci-arcydzie\u0328gla.jpg","contentUrl":"https:\/\/naturalpoland.com\/wp-content\/uploads\/wlasciwosci-arcydzie\u0328gla.jpg","width":1024,"height":610,"caption":"w\u0142a\u015bciwo\u015bci arcydzi\u0119gla"},{"@type":"BreadcrumbList","@id":"https:\/\/naturalpoland.com\/cs\/artykuly\/prirodni-produkty\/vlastnosti-a-vyuziti-andeliky\/#breadcrumb","itemListElement":[{"@type":"ListItem","position":1,"name":"Dom\u016f","item":"https:\/\/naturalpoland.com\/cs\/"},{"@type":"ListItem","position":2,"name":"Vlastnosti a vyu\u017eit\u00ed and\u011bliky"}]},{"@type":"WebSite","@id":"https:\/\/naturalpoland.com\/cs\/#website","url":"https:\/\/naturalpoland.com\/cs\/","name":"NATURAL POLAND - Velkoobchodn\u00ed distributor surovin","description":"Surowce dla przemys\u0142u spo\u017cywczego, kosmetycznego i farmaceutycznego","publisher":{"@id":"https:\/\/naturalpoland.com\/cs\/#organization"},"potentialAction":[{"@type":"SearchAction","target":{"@type":"EntryPoint","urlTemplate":"https:\/\/naturalpoland.com\/cs\/?s={search_term_string}"},"query-input":{"@type":"PropertyValueSpecification","valueRequired":true,"valueName":"search_term_string"}}],"inLanguage":"cs"},{"@type":"Organization","@id":"https:\/\/naturalpoland.com\/cs\/#organization","name":"Natural Poland","url":"https:\/\/naturalpoland.com\/cs\/","logo":{"@type":"ImageObject","inLanguage":"cs","@id":"https:\/\/naturalpoland.com\/cs\/#\/schema\/logo\/image\/","url":"https:\/\/naturalpoland.com\/wp-content\/uploads\/2021\/05\/natural-poland-icon.png","contentUrl":"https:\/\/naturalpoland.com\/wp-content\/uploads\/2021\/05\/natural-poland-icon.png","width":512,"height":512,"caption":"Natural Poland"},"image":{"@id":"https:\/\/naturalpoland.com\/cs\/#\/schema\/logo\/image\/"},"sameAs":["https:\/\/www.facebook.com\/naturalpoland.b2b","https:\/\/pl.linkedin.com\/company\/natural-poland","https:\/\/www.youtube.com\/channel\/UCgeGGkvOMahZo-xu_MSEWxg"]},{"@type":"Person","@id":"https:\/\/naturalpoland.com\/cs\/#\/schema\/person\/4ff557834bad314d4e658287a692ff20","name":"dr n. farm. Katarzyna Kimel","image":{"@type":"ImageObject","inLanguage":"cs","@id":"https:\/\/secure.gravatar.com\/avatar\/05865800fb452a217641952f0fa03e9f70fadb6b1ad0ea31fcb602bceaa7ae2e?s=96&d=mm&r=g","url":"https:\/\/secure.gravatar.com\/avatar\/05865800fb452a217641952f0fa03e9f70fadb6b1ad0ea31fcb602bceaa7ae2e?s=96&d=mm&r=g","contentUrl":"https:\/\/secure.gravatar.com\/avatar\/05865800fb452a217641952f0fa03e9f70fadb6b1ad0ea31fcb602bceaa7ae2e?s=96&d=mm&r=g","caption":"dr n. farm. Katarzyna Kimel"},"description":"Doktor nauk farmaceutycznych, kt\u00f3rej zainteresowania naukowe skupiaj\u0105 si\u0119 na badaniach lek\u00f3w ro\u015blinnych i substancji biologicznie czynnych pochodzenia naturalnego. Mi\u0142o\u015bniczka podr\u00f3\u017cy i sp\u0119dzania wolnego czasu na \u0142onie natury.","url":"https:\/\/naturalpoland.com\/cs\/artykuly\/author\/katarzyna-kimel\/"}]}},"_links":{"self":[{"href":"https:\/\/naturalpoland.com\/cs\/wp-json\/wp\/v2\/posts\/32847","targetHints":{"allow":["GET"]}}],"collection":[{"href":"https:\/\/naturalpoland.com\/cs\/wp-json\/wp\/v2\/posts"}],"about":[{"href":"https:\/\/naturalpoland.com\/cs\/wp-json\/wp\/v2\/types\/post"}],"author":[{"embeddable":true,"href":"https:\/\/naturalpoland.com\/cs\/wp-json\/wp\/v2\/users\/15"}],"replies":[{"embeddable":true,"href":"https:\/\/naturalpoland.com\/cs\/wp-json\/wp\/v2\/comments?post=32847"}],"version-history":[{"count":0,"href":"https:\/\/naturalpoland.com\/cs\/wp-json\/wp\/v2\/posts\/32847\/revisions"}],"wp:featuredmedia":[{"embeddable":true,"href":"https:\/\/naturalpoland.com\/cs\/wp-json\/wp\/v2\/media\/25802"}],"wp:attachment":[{"href":"https:\/\/naturalpoland.com\/cs\/wp-json\/wp\/v2\/media?parent=32847"}],"wp:term":[{"taxonomy":"category","embeddable":true,"href":"https:\/\/naturalpoland.com\/cs\/wp-json\/wp\/v2\/categories?post=32847"},{"taxonomy":"post_tag","embeddable":true,"href":"https:\/\/naturalpoland.com\/cs\/wp-json\/wp\/v2\/tags?post=32847"}],"curies":[{"name":"wp","href":"https:\/\/api.w.org\/{rel}","templated":true}]}}