{"id":35680,"date":"2024-09-18T10:25:01","date_gmt":"2024-09-18T08:25:01","guid":{"rendered":"https:\/\/naturalpoland.com\/artykuly\/naturliche-produkte\/aloe-vera-die-grunen-chroniken-afrikas\/"},"modified":"2024-09-18T10:25:02","modified_gmt":"2024-09-18T08:25:02","slug":"aloe-vera-die-grunen-chroniken-afrikas","status":"publish","type":"post","link":"https:\/\/naturalpoland.com\/de\/artykuly\/naturliche-produkte\/aloe-vera-die-grunen-chroniken-afrikas\/","title":{"rendered":"Aloe Vera: Die gr\u00fcnen Chroniken Afrikas"},"content":{"rendered":"\n<p>Das riesige Gebiet Afrikas ist voller Geschichten, nicht nur \u00fcber verschwundene Zivilisationen, sondern auch \u00fcber Pflanzen, die es geschafft haben, die Zeit zu \u00fcberdauern. Diese Geschichten finden sich sowohl bei Tieren als auch bei Pflanzen. Trotz ihres Lebensraums, der aus goldenen D\u00fcnen und hellem Sonnenlicht besteht, k\u00f6nnen <strong>Aloe-Vera-Pflanzen<\/strong> dort \u00fcberleben und sind weiterhin unersch\u00fctterlich in ihrer Entschlossenheit. Sie k\u00f6nnen an Orten gedeihen, an denen die meisten Menschen Angst h\u00e4tten, auch nur einen Fu\u00df hineinzusetzen, was ein Beweis f\u00fcr diese geniale Konstruktion der Natur ist. Ihre F\u00e4higkeit, an solchen Orten zu gedeihen, zeigt die Genialit\u00e4t der Natur.    <\/p>\n\n<h2 class=\"wp-block-heading\"><strong>Alchemie im Herzen Afrikas<\/strong><\/h2>\n\n<p><strong>Aloe Vera<\/strong> ist in gesch\u00e4ftigen D\u00f6rfern, in denen sich uralte Traditionen mit dem Rhythmus der Trommeln und dem Duft von Kochfeuern vermischen, weit verbreitet. Diese D\u00f6rfer sind auch die Heimat der Aloe Vera, die auf verschiedene Weise genutzt wird. Die Konsistenz ihres Gels \u00e4hnelt der von fl\u00fcssigem Gold. Aufgrund ihrer nat\u00fcrlichen Weisheit konnten die Inder die Kraft der Aloe seit Anbeginn der Zeit nutzen. Elixiere werden durch die Kombination der heilenden Eigenschaften der Aloe Vera mit denen anderer wirksamer Kr\u00e4uter hergestellt, und diese Elixiere versprechen ihren Anwendern mehr Energie und Vitalit\u00e4t.    <\/p>\n\n<div style=\"height:30px\" aria-hidden=\"true\" class=\"wp-block-spacer\"><\/div>\n<div data-block-name=\"woocommerce\/featured-product\" data-edit-mode=\"false\" data-image-fit=\"cover\" data-product-id=\"13207\" data-show-price=\"false\" class=\"wc-block-featured-product alignnone has-background-dim wp-block-woocommerce-featured-product\" style=\"min-height:500px;\"><div class=\"wc-block-featured-product__wrapper\"><div class=\"background-dim__overlay\" style=\"background-color: #000000\"><\/div><img decoding=\"async\" alt=\"Aloe-Vera-Butter\" class=\"wc-block-featured-product__background-image\" src=\"https:\/\/naturalpoland.com\/wp-content\/uploads\/aloe-vera-butter.jpg\" style=\"object-fit: cover;object-position: 50% 50%;\" \/><h2 class=\"wc-block-featured-product__title\">Aloe-Vera-Butter<\/h2><div class=\"wc-block-featured-product__description\"><p>Aloe-Butter wird aus einer Kombination von Aloe-Vera-Saft und Kokosnuss\u00f6l hergestellt. Damit verf\u00fcgt es \u00fcber die Vorteile beider Produkte. Es ist eine reiche Quelle von Triglyceriden, Polysacchariden, Flavonoiden, Vitaminen und Hydroxyls\u00e4uren. Eine solche Butter beruhigt und befeuchtet die Haut und das Haar perfekt.<\/p>\n<\/div><div class=\"wc-block-featured-product__inner-blocks\">\n\n<div class=\"wp-block-buttons is-content-justification-center is-layout-flex wp-container-core-buttons-is-layout-16018d1d wp-block-buttons-is-layout-flex\">\n<div class=\"wp-block-button\"><a class=\"wp-block-button__link wp-element-button\" href=\"https:\/\/naturalpoland.com\/de\/produkte\/produkte-fur-die-kosmetikindustrie\/kosmetische-buttersorten\/aloe-vera-butter\/\">Kup teraz<\/a><\/div>\n<\/div>\n\n<\/div><\/div><\/div>\n<div style=\"height:40px\" aria-hidden=\"true\" class=\"wp-block-spacer\"><\/div>\n\n<h2 class=\"wp-block-heading\"><strong>W\u00e4chter der Hydration: Die Rolle der Aloe bei der Ern\u00e4hrung<\/strong><\/h2>\n\n<p>Die riesigen Savannen, die in Orange- und Gelbt\u00f6nen getaucht sind, erwecken den Anschein, als g\u00e4be es dort keine Feuchtigkeit. Das liegt daran, dass die Farben einen Kontrast zueinander bilden. Andererseits sticht die Aloe Vera als leuchtendes Beispiel f\u00fcr eine ausreichende Hydration hervor. Einheimische St\u00e4mme verwendeten diese bemerkenswerte Pflanze \u00fcber einen l\u00e4ngeren Zeitraum hinweg lokal und verlie\u00dfen sich stark auf sie als Hydrationsquelle. Es geht nicht nur darum, den Hunger zu stillen, sondern auch darum, das eigene \u00dcberleben zu sichern.    <\/p>\n\n<h2 class=\"wp-block-heading\"><strong>Echos aus den L\u00e4ndern der Vorfahren: Aloe in Zeremonien<\/strong><\/h2>\n\n<p>Aloe Vera ist h\u00e4ufig ein unverzichtbarer Bestandteil der Zeremonien, die von den St\u00e4mmen durchgef\u00fchrt werden und von einem tiefen religi\u00f6sen Eifer gepr\u00e4gt sind. Die Rituale werden bei Tagesanbruch begonnen, wenn die ersten Lichtstrahlen den Horizont ber\u00fchren. Dies markiert den Beginn des Tages. Die T\u00e4nzer zeigen ihre Wertsch\u00e4tzung f\u00fcr die Natur und die Menschen, die vor ihnen kamen, indem sie sich mit Aloe einreiben, nachdem sie diese mit verschiedenen leuchtenden Farben vermischt haben. Dies sind nicht nur Ereignisse, sondern vielmehr Portale in die \u00e4therische Ebene der Existenz.    <\/p>\n\n<h2 class=\"wp-block-heading\"><strong>Passatwinde und der Aloe-Pfad<\/strong><\/h2>\n\n<p>Aufgrund des schwierigen Gel\u00e4ndes, das H\u00e4ndler in ganz Afrika durchqueren m\u00fcssen, wird Aloe Vera h\u00e4ufig gegen andere Produkte eingetauscht und dann verkauft. Sie ist zwar ein Handelsgut, dient aber auch als Bindeglied zwischen verschiedenen St\u00e4mmen, was zum Frieden beitr\u00e4gt und die Beziehungen zwischen ihnen st\u00e4rkt. Es wird berichtet, dass Geschichten \u00fcber die <strong>wundersame Wirkung der Aloe<\/strong> auf M\u00e4rkten von Casablanca bis Kapstadt zu h\u00f6ren sind, die H\u00e4ndler aus weit entfernten Regionen anlocken.  <\/p>\n\n<h2 class=\"wp-block-heading\"><strong>Gr\u00fcnes Wiederaufleben in der Neuzeit<\/strong><\/h2>\n\n<p>Es sieht so aus, als w\u00fcrden sich die Gezeiten bald \u00e4ndern. Aufgrund des weltweit gestiegenen Interesses an nat\u00fcrlichen und umweltfreundlichen Produkten und Methoden erfreut sich die urspr\u00fcnglich aus Afrika stammende Aloe Vera seit kurzem weltweit wachsender Beliebtheit. Die Aloe Chronicles arbeiten derzeit an einem neuen Eintrag, w\u00e4hrend gleichzeitig die Produktionsanlagen Gestalt annehmen und Finanzmittel f\u00fcr die Forschung bereitgestellt werden. Dies ist eine Geschichte von Optimismus, pers\u00f6nlicher Entwicklung und den grenzenlosen M\u00f6glichkeiten, die vor uns liegen.   <\/p>\n\n<h2 class=\"wp-block-heading\"><strong>Verm\u00e4chtnis und der Weg nach vorn<\/strong><\/h2>\n\n<p>Die Aloe-Vera-Pflanze wirft einen gro\u00dfen Schatten, der sich in alle Richtungen erstreckt und nicht nur die sandigen Landschaften, sondern auch das komplexe kulturelle Gef\u00fcge Afrikas umfasst. Dieser Schatten breitet sich weit und breit aus. Ihr Pflanzensaft ist voller Geschichten \u00fcber K\u00e4mpfe, Rituale, Handel und den t\u00e4glichen Kampf ums \u00dcberleben. Es geht hier nicht nur um Botanik, sondern um Geschichte in ihrer grundlegendsten Form. Botanik ist lediglich die Lehre von den Pflanzen. Es gibt wenig Grund zu bezweifeln, dass die Aloe-Vera-Pflanze im Laufe der Zeit weiterhin eine bedeutende Rolle dabei spielen wird, wie das t\u00e4gliche Leben, die Kultur und die Wirtschaft in ganz Afrika miteinander verflochten sind.     <\/p>\n","protected":false},"excerpt":{"rendered":"<p>Das riesige Gebiet Afrikas ist voller Geschichten, nicht nur \u00fcber verschwundene Zivilisationen, sondern auch \u00fcber Pflanzen, die es geschafft haben, die Zeit zu \u00fcberdauern. <\/p>\n","protected":false},"author":19,"featured_media":25224,"comment_status":"closed","ping_status":"closed","sticky":false,"template":"","format":"standard","meta":{"_acf_changed":false,"footnotes":""},"categories":[1054,2238],"tags":[],"class_list":["post-35680","post","type-post","status-publish","format-standard","has-post-thumbnail","hentry","category-naturliche-produkte","category-produkte-aus-afrika"],"acf":[],"yoast_head":"<!-- This site is optimized with the Yoast SEO plugin v27.5 - https:\/\/yoast.com\/product\/yoast-seo-wordpress\/ -->\n<title>Aloe Vera: Die gr\u00fcnen Chroniken Afrikas<\/title>\n<meta name=\"description\" content=\"Das riesige Gebiet Afrikas ist voller Geschichten, nicht nur \u00fcber verschwundene Zivilisationen, sondern auch \u00fcber Pflanzen, die es geschafft haben, die Zeit zu \u00fcberdauern.\" \/>\n<meta name=\"robots\" content=\"index, follow, max-snippet:-1, max-image-preview:large, max-video-preview:-1\" \/>\n<link rel=\"canonical\" href=\"https:\/\/naturalpoland.com\/de\/artykuly\/naturliche-produkte\/aloe-vera-die-grunen-chroniken-afrikas\/\" \/>\n<meta property=\"og:locale\" content=\"de_DE\" \/>\n<meta property=\"og:type\" content=\"article\" \/>\n<meta property=\"og:title\" content=\"Aloe Vera: Die gr\u00fcnen Chroniken Afrikas\" \/>\n<meta property=\"og:description\" content=\"Das riesige Gebiet Afrikas ist voller Geschichten, nicht nur \u00fcber verschwundene Zivilisationen, sondern auch \u00fcber Pflanzen, die es geschafft haben, die Zeit zu \u00fcberdauern.\" \/>\n<meta property=\"og:url\" content=\"https:\/\/naturalpoland.com\/de\/artykuly\/naturliche-produkte\/aloe-vera-die-grunen-chroniken-afrikas\/\" \/>\n<meta property=\"og:site_name\" content=\"NATURAL POLAND - IMPORT UND HANDEL VON ROHSTOFFEN\" \/>\n<meta property=\"article:publisher\" content=\"https:\/\/www.facebook.com\/naturalpoland.b2b\" \/>\n<meta property=\"article:published_time\" content=\"2024-09-18T08:25:01+00:00\" \/>\n<meta property=\"article:modified_time\" content=\"2024-09-18T08:25:02+00:00\" \/>\n<meta property=\"og:image\" content=\"https:\/\/naturalpoland.com\/wp-content\/uploads\/aloe-vera-in-africa.jpg\" \/>\n\t<meta property=\"og:image:width\" content=\"1024\" \/>\n\t<meta property=\"og:image:height\" content=\"610\" \/>\n\t<meta property=\"og:image:type\" content=\"image\/jpeg\" \/>\n<meta name=\"author\" content=\"Fiona Bulia\" \/>\n<script type=\"application\/ld+json\" class=\"yoast-schema-graph\">{\"@context\":\"https:\\\/\\\/schema.org\",\"@graph\":[{\"@type\":\"Article\",\"@id\":\"https:\\\/\\\/naturalpoland.com\\\/de\\\/artykuly\\\/naturliche-produkte\\\/aloe-vera-die-grunen-chroniken-afrikas\\\/#article\",\"isPartOf\":{\"@id\":\"https:\\\/\\\/naturalpoland.com\\\/de\\\/artykuly\\\/naturliche-produkte\\\/aloe-vera-die-grunen-chroniken-afrikas\\\/\"},\"author\":{\"name\":\"Fiona Bulia\",\"@id\":\"https:\\\/\\\/naturalpoland.com\\\/de\\\/#\\\/schema\\\/person\\\/c6cec6a7a33486992efb6b4041a91f0a\"},\"headline\":\"Aloe Vera: Die gr\u00fcnen Chroniken Afrikas\",\"datePublished\":\"2024-09-18T08:25:01+00:00\",\"dateModified\":\"2024-09-18T08:25:02+00:00\",\"mainEntityOfPage\":{\"@id\":\"https:\\\/\\\/naturalpoland.com\\\/de\\\/artykuly\\\/naturliche-produkte\\\/aloe-vera-die-grunen-chroniken-afrikas\\\/\"},\"wordCount\":709,\"publisher\":{\"@id\":\"https:\\\/\\\/naturalpoland.com\\\/de\\\/#organization\"},\"image\":{\"@id\":\"https:\\\/\\\/naturalpoland.com\\\/de\\\/artykuly\\\/naturliche-produkte\\\/aloe-vera-die-grunen-chroniken-afrikas\\\/#primaryimage\"},\"thumbnailUrl\":\"https:\\\/\\\/naturalpoland.com\\\/wp-content\\\/uploads\\\/aloe-vera-in-africa.jpg\",\"articleSection\":[\"Naturprodukte\",\"Produkte aus Afrika\"],\"inLanguage\":\"de\"},{\"@type\":\"WebPage\",\"@id\":\"https:\\\/\\\/naturalpoland.com\\\/de\\\/artykuly\\\/naturliche-produkte\\\/aloe-vera-die-grunen-chroniken-afrikas\\\/\",\"url\":\"https:\\\/\\\/naturalpoland.com\\\/de\\\/artykuly\\\/naturliche-produkte\\\/aloe-vera-die-grunen-chroniken-afrikas\\\/\",\"name\":\"Aloe Vera: Die gr\u00fcnen Chroniken Afrikas\",\"isPartOf\":{\"@id\":\"https:\\\/\\\/naturalpoland.com\\\/de\\\/#website\"},\"primaryImageOfPage\":{\"@id\":\"https:\\\/\\\/naturalpoland.com\\\/de\\\/artykuly\\\/naturliche-produkte\\\/aloe-vera-die-grunen-chroniken-afrikas\\\/#primaryimage\"},\"image\":{\"@id\":\"https:\\\/\\\/naturalpoland.com\\\/de\\\/artykuly\\\/naturliche-produkte\\\/aloe-vera-die-grunen-chroniken-afrikas\\\/#primaryimage\"},\"thumbnailUrl\":\"https:\\\/\\\/naturalpoland.com\\\/wp-content\\\/uploads\\\/aloe-vera-in-africa.jpg\",\"datePublished\":\"2024-09-18T08:25:01+00:00\",\"dateModified\":\"2024-09-18T08:25:02+00:00\",\"description\":\"Das riesige Gebiet Afrikas ist voller Geschichten, nicht nur \u00fcber verschwundene Zivilisationen, sondern auch \u00fcber Pflanzen, die es geschafft haben, die Zeit zu \u00fcberdauern.\",\"breadcrumb\":{\"@id\":\"https:\\\/\\\/naturalpoland.com\\\/de\\\/artykuly\\\/naturliche-produkte\\\/aloe-vera-die-grunen-chroniken-afrikas\\\/#breadcrumb\"},\"inLanguage\":\"de\",\"potentialAction\":[{\"@type\":\"ReadAction\",\"target\":[\"https:\\\/\\\/naturalpoland.com\\\/de\\\/artykuly\\\/naturliche-produkte\\\/aloe-vera-die-grunen-chroniken-afrikas\\\/\"]}]},{\"@type\":\"ImageObject\",\"inLanguage\":\"de\",\"@id\":\"https:\\\/\\\/naturalpoland.com\\\/de\\\/artykuly\\\/naturliche-produkte\\\/aloe-vera-die-grunen-chroniken-afrikas\\\/#primaryimage\",\"url\":\"https:\\\/\\\/naturalpoland.com\\\/wp-content\\\/uploads\\\/aloe-vera-in-africa.jpg\",\"contentUrl\":\"https:\\\/\\\/naturalpoland.com\\\/wp-content\\\/uploads\\\/aloe-vera-in-africa.jpg\",\"width\":1024,\"height\":610,\"caption\":\"aloe vera in Africa\"},{\"@type\":\"BreadcrumbList\",\"@id\":\"https:\\\/\\\/naturalpoland.com\\\/de\\\/artykuly\\\/naturliche-produkte\\\/aloe-vera-die-grunen-chroniken-afrikas\\\/#breadcrumb\",\"itemListElement\":[{\"@type\":\"ListItem\",\"position\":1,\"name\":\"Startseite\",\"item\":\"https:\\\/\\\/naturalpoland.com\\\/de\\\/\"},{\"@type\":\"ListItem\",\"position\":2,\"name\":\"Aloe Vera: Die gr\u00fcnen Chroniken Afrikas\"}]},{\"@type\":\"WebSite\",\"@id\":\"https:\\\/\\\/naturalpoland.com\\\/de\\\/#website\",\"url\":\"https:\\\/\\\/naturalpoland.com\\\/de\\\/\",\"name\":\"NATURAL POLAND - IMPORT UND HANDEL VON ROHSTOFFEN\",\"description\":\"Rohstoffe f\u00fcr die Lebensmittelindustrie, Kosmetikindustrie, Pharmaindustrie\",\"publisher\":{\"@id\":\"https:\\\/\\\/naturalpoland.com\\\/de\\\/#organization\"},\"potentialAction\":[{\"@type\":\"SearchAction\",\"target\":{\"@type\":\"EntryPoint\",\"urlTemplate\":\"https:\\\/\\\/naturalpoland.com\\\/de\\\/?s={search_term_string}\"},\"query-input\":{\"@type\":\"PropertyValueSpecification\",\"valueRequired\":true,\"valueName\":\"search_term_string\"}}],\"inLanguage\":\"de\"},{\"@type\":\"Organization\",\"@id\":\"https:\\\/\\\/naturalpoland.com\\\/de\\\/#organization\",\"name\":\"Natural Poland\",\"url\":\"https:\\\/\\\/naturalpoland.com\\\/de\\\/\",\"logo\":{\"@type\":\"ImageObject\",\"inLanguage\":\"de\",\"@id\":\"https:\\\/\\\/naturalpoland.com\\\/de\\\/#\\\/schema\\\/logo\\\/image\\\/\",\"url\":\"https:\\\/\\\/naturalpoland.com\\\/wp-content\\\/uploads\\\/2021\\\/05\\\/natural-poland-icon.png\",\"contentUrl\":\"https:\\\/\\\/naturalpoland.com\\\/wp-content\\\/uploads\\\/2021\\\/05\\\/natural-poland-icon.png\",\"width\":512,\"height\":512,\"caption\":\"Natural Poland\"},\"image\":{\"@id\":\"https:\\\/\\\/naturalpoland.com\\\/de\\\/#\\\/schema\\\/logo\\\/image\\\/\"},\"sameAs\":[\"https:\\\/\\\/www.facebook.com\\\/naturalpoland.b2b\",\"https:\\\/\\\/pl.linkedin.com\\\/company\\\/natural-poland\",\"https:\\\/\\\/www.youtube.com\\\/channel\\\/UCgeGGkvOMahZo-xu_MSEWxg\"]},{\"@type\":\"Person\",\"@id\":\"https:\\\/\\\/naturalpoland.com\\\/de\\\/#\\\/schema\\\/person\\\/c6cec6a7a33486992efb6b4041a91f0a\",\"name\":\"Fiona Bulia\",\"image\":{\"@type\":\"ImageObject\",\"inLanguage\":\"de\",\"@id\":\"https:\\\/\\\/secure.gravatar.com\\\/avatar\\\/0ce6e6e48adf196a228aaaf3c0d5d995c5baf5e0eb91980bd5b54c0e3689d7c2?s=96&d=mm&r=g\",\"url\":\"https:\\\/\\\/secure.gravatar.com\\\/avatar\\\/0ce6e6e48adf196a228aaaf3c0d5d995c5baf5e0eb91980bd5b54c0e3689d7c2?s=96&d=mm&r=g\",\"contentUrl\":\"https:\\\/\\\/secure.gravatar.com\\\/avatar\\\/0ce6e6e48adf196a228aaaf3c0d5d995c5baf5e0eb91980bd5b54c0e3689d7c2?s=96&d=mm&r=g\",\"caption\":\"Fiona Bulia\"},\"description\":\"Fiona Bulia is a native of Africa and a passionate advocate for natural and sustainable beauty products. With over 9 years of experience in the cosmetics industry, Fiona has developed a deep understanding of the importance of ingredients and their impact on the skin, particularly with regards to African products. She is committed to helping people make informed choices about the products they use and is dedicated to promoting environmentally responsible practices.\",\"url\":\"https:\\\/\\\/naturalpoland.com\\\/de\\\/artykuly\\\/author\\\/fiona-bulia\\\/\"}]}<\/script>\n<!-- \/ Yoast SEO plugin. -->","yoast_head_json":{"title":"Aloe Vera: Die gr\u00fcnen Chroniken Afrikas","description":"Das riesige Gebiet Afrikas ist voller Geschichten, nicht nur \u00fcber verschwundene Zivilisationen, sondern auch \u00fcber Pflanzen, die es geschafft haben, die Zeit zu \u00fcberdauern.","robots":{"index":"index","follow":"follow","max-snippet":"max-snippet:-1","max-image-preview":"max-image-preview:large","max-video-preview":"max-video-preview:-1"},"canonical":"https:\/\/naturalpoland.com\/de\/artykuly\/naturliche-produkte\/aloe-vera-die-grunen-chroniken-afrikas\/","og_locale":"de_DE","og_type":"article","og_title":"Aloe Vera: Die gr\u00fcnen Chroniken Afrikas","og_description":"Das riesige Gebiet Afrikas ist voller Geschichten, nicht nur \u00fcber verschwundene Zivilisationen, sondern auch \u00fcber Pflanzen, die es geschafft haben, die Zeit zu \u00fcberdauern.","og_url":"https:\/\/naturalpoland.com\/de\/artykuly\/naturliche-produkte\/aloe-vera-die-grunen-chroniken-afrikas\/","og_site_name":"NATURAL POLAND - IMPORT UND HANDEL VON ROHSTOFFEN","article_publisher":"https:\/\/www.facebook.com\/naturalpoland.b2b","article_published_time":"2024-09-18T08:25:01+00:00","article_modified_time":"2024-09-18T08:25:02+00:00","og_image":[{"width":1024,"height":610,"url":"https:\/\/naturalpoland.com\/wp-content\/uploads\/aloe-vera-in-africa.jpg","type":"image\/jpeg"}],"author":"Fiona Bulia","schema":{"@context":"https:\/\/schema.org","@graph":[{"@type":"Article","@id":"https:\/\/naturalpoland.com\/de\/artykuly\/naturliche-produkte\/aloe-vera-die-grunen-chroniken-afrikas\/#article","isPartOf":{"@id":"https:\/\/naturalpoland.com\/de\/artykuly\/naturliche-produkte\/aloe-vera-die-grunen-chroniken-afrikas\/"},"author":{"name":"Fiona Bulia","@id":"https:\/\/naturalpoland.com\/de\/#\/schema\/person\/c6cec6a7a33486992efb6b4041a91f0a"},"headline":"Aloe Vera: Die gr\u00fcnen Chroniken Afrikas","datePublished":"2024-09-18T08:25:01+00:00","dateModified":"2024-09-18T08:25:02+00:00","mainEntityOfPage":{"@id":"https:\/\/naturalpoland.com\/de\/artykuly\/naturliche-produkte\/aloe-vera-die-grunen-chroniken-afrikas\/"},"wordCount":709,"publisher":{"@id":"https:\/\/naturalpoland.com\/de\/#organization"},"image":{"@id":"https:\/\/naturalpoland.com\/de\/artykuly\/naturliche-produkte\/aloe-vera-die-grunen-chroniken-afrikas\/#primaryimage"},"thumbnailUrl":"https:\/\/naturalpoland.com\/wp-content\/uploads\/aloe-vera-in-africa.jpg","articleSection":["Naturprodukte","Produkte aus Afrika"],"inLanguage":"de"},{"@type":"WebPage","@id":"https:\/\/naturalpoland.com\/de\/artykuly\/naturliche-produkte\/aloe-vera-die-grunen-chroniken-afrikas\/","url":"https:\/\/naturalpoland.com\/de\/artykuly\/naturliche-produkte\/aloe-vera-die-grunen-chroniken-afrikas\/","name":"Aloe Vera: Die gr\u00fcnen Chroniken Afrikas","isPartOf":{"@id":"https:\/\/naturalpoland.com\/de\/#website"},"primaryImageOfPage":{"@id":"https:\/\/naturalpoland.com\/de\/artykuly\/naturliche-produkte\/aloe-vera-die-grunen-chroniken-afrikas\/#primaryimage"},"image":{"@id":"https:\/\/naturalpoland.com\/de\/artykuly\/naturliche-produkte\/aloe-vera-die-grunen-chroniken-afrikas\/#primaryimage"},"thumbnailUrl":"https:\/\/naturalpoland.com\/wp-content\/uploads\/aloe-vera-in-africa.jpg","datePublished":"2024-09-18T08:25:01+00:00","dateModified":"2024-09-18T08:25:02+00:00","description":"Das riesige Gebiet Afrikas ist voller Geschichten, nicht nur \u00fcber verschwundene Zivilisationen, sondern auch \u00fcber Pflanzen, die es geschafft haben, die Zeit zu \u00fcberdauern.","breadcrumb":{"@id":"https:\/\/naturalpoland.com\/de\/artykuly\/naturliche-produkte\/aloe-vera-die-grunen-chroniken-afrikas\/#breadcrumb"},"inLanguage":"de","potentialAction":[{"@type":"ReadAction","target":["https:\/\/naturalpoland.com\/de\/artykuly\/naturliche-produkte\/aloe-vera-die-grunen-chroniken-afrikas\/"]}]},{"@type":"ImageObject","inLanguage":"de","@id":"https:\/\/naturalpoland.com\/de\/artykuly\/naturliche-produkte\/aloe-vera-die-grunen-chroniken-afrikas\/#primaryimage","url":"https:\/\/naturalpoland.com\/wp-content\/uploads\/aloe-vera-in-africa.jpg","contentUrl":"https:\/\/naturalpoland.com\/wp-content\/uploads\/aloe-vera-in-africa.jpg","width":1024,"height":610,"caption":"aloe vera in Africa"},{"@type":"BreadcrumbList","@id":"https:\/\/naturalpoland.com\/de\/artykuly\/naturliche-produkte\/aloe-vera-die-grunen-chroniken-afrikas\/#breadcrumb","itemListElement":[{"@type":"ListItem","position":1,"name":"Startseite","item":"https:\/\/naturalpoland.com\/de\/"},{"@type":"ListItem","position":2,"name":"Aloe Vera: Die gr\u00fcnen Chroniken Afrikas"}]},{"@type":"WebSite","@id":"https:\/\/naturalpoland.com\/de\/#website","url":"https:\/\/naturalpoland.com\/de\/","name":"NATURAL POLAND - IMPORT UND HANDEL VON ROHSTOFFEN","description":"Rohstoffe f\u00fcr die Lebensmittelindustrie, Kosmetikindustrie, Pharmaindustrie","publisher":{"@id":"https:\/\/naturalpoland.com\/de\/#organization"},"potentialAction":[{"@type":"SearchAction","target":{"@type":"EntryPoint","urlTemplate":"https:\/\/naturalpoland.com\/de\/?s={search_term_string}"},"query-input":{"@type":"PropertyValueSpecification","valueRequired":true,"valueName":"search_term_string"}}],"inLanguage":"de"},{"@type":"Organization","@id":"https:\/\/naturalpoland.com\/de\/#organization","name":"Natural Poland","url":"https:\/\/naturalpoland.com\/de\/","logo":{"@type":"ImageObject","inLanguage":"de","@id":"https:\/\/naturalpoland.com\/de\/#\/schema\/logo\/image\/","url":"https:\/\/naturalpoland.com\/wp-content\/uploads\/2021\/05\/natural-poland-icon.png","contentUrl":"https:\/\/naturalpoland.com\/wp-content\/uploads\/2021\/05\/natural-poland-icon.png","width":512,"height":512,"caption":"Natural Poland"},"image":{"@id":"https:\/\/naturalpoland.com\/de\/#\/schema\/logo\/image\/"},"sameAs":["https:\/\/www.facebook.com\/naturalpoland.b2b","https:\/\/pl.linkedin.com\/company\/natural-poland","https:\/\/www.youtube.com\/channel\/UCgeGGkvOMahZo-xu_MSEWxg"]},{"@type":"Person","@id":"https:\/\/naturalpoland.com\/de\/#\/schema\/person\/c6cec6a7a33486992efb6b4041a91f0a","name":"Fiona Bulia","image":{"@type":"ImageObject","inLanguage":"de","@id":"https:\/\/secure.gravatar.com\/avatar\/0ce6e6e48adf196a228aaaf3c0d5d995c5baf5e0eb91980bd5b54c0e3689d7c2?s=96&d=mm&r=g","url":"https:\/\/secure.gravatar.com\/avatar\/0ce6e6e48adf196a228aaaf3c0d5d995c5baf5e0eb91980bd5b54c0e3689d7c2?s=96&d=mm&r=g","contentUrl":"https:\/\/secure.gravatar.com\/avatar\/0ce6e6e48adf196a228aaaf3c0d5d995c5baf5e0eb91980bd5b54c0e3689d7c2?s=96&d=mm&r=g","caption":"Fiona Bulia"},"description":"Fiona Bulia is a native of Africa and a passionate advocate for natural and sustainable beauty products. With over 9 years of experience in the cosmetics industry, Fiona has developed a deep understanding of the importance of ingredients and their impact on the skin, particularly with regards to African products. She is committed to helping people make informed choices about the products they use and is dedicated to promoting environmentally responsible practices.","url":"https:\/\/naturalpoland.com\/de\/artykuly\/author\/fiona-bulia\/"}]}},"_links":{"self":[{"href":"https:\/\/naturalpoland.com\/de\/wp-json\/wp\/v2\/posts\/35680","targetHints":{"allow":["GET"]}}],"collection":[{"href":"https:\/\/naturalpoland.com\/de\/wp-json\/wp\/v2\/posts"}],"about":[{"href":"https:\/\/naturalpoland.com\/de\/wp-json\/wp\/v2\/types\/post"}],"author":[{"embeddable":true,"href":"https:\/\/naturalpoland.com\/de\/wp-json\/wp\/v2\/users\/19"}],"replies":[{"embeddable":true,"href":"https:\/\/naturalpoland.com\/de\/wp-json\/wp\/v2\/comments?post=35680"}],"version-history":[{"count":0,"href":"https:\/\/naturalpoland.com\/de\/wp-json\/wp\/v2\/posts\/35680\/revisions"}],"wp:featuredmedia":[{"embeddable":true,"href":"https:\/\/naturalpoland.com\/de\/wp-json\/wp\/v2\/media\/25224"}],"wp:attachment":[{"href":"https:\/\/naturalpoland.com\/de\/wp-json\/wp\/v2\/media?parent=35680"}],"wp:term":[{"taxonomy":"category","embeddable":true,"href":"https:\/\/naturalpoland.com\/de\/wp-json\/wp\/v2\/categories?post=35680"},{"taxonomy":"post_tag","embeddable":true,"href":"https:\/\/naturalpoland.com\/de\/wp-json\/wp\/v2\/tags?post=35680"}],"curies":[{"name":"wp","href":"https:\/\/api.w.org\/{rel}","templated":true}]}}