{"id":28138,"date":"2023-11-24T11:56:36","date_gmt":"2023-11-24T10:56:36","guid":{"rendered":"https:\/\/naturalpoland.com\/artykuly\/productos-naturales\/etiqueta-del-cosmetico-que-debe-contener\/"},"modified":"2023-11-24T11:56:37","modified_gmt":"2023-11-24T10:56:37","slug":"etiqueta-del-cosmetico-que-debe-contener","status":"publish","type":"post","link":"https:\/\/naturalpoland.com\/es\/artykuly\/produccion-de-cosmeticos\/etiqueta-del-cosmetico-que-debe-contener\/","title":{"rendered":"Etiqueta del cosm\u00e9tico &#8211; \u00bfqu\u00e9 debe contener?"},"content":{"rendered":"\n<p><strong>Las etiquetas de los cosm\u00e9ticos<\/strong> se caracterizan por una gran diversidad. Algunas destacan por los colores y gr\u00e1ficos juveniles, mientras que otras enfatizan su exclusividad con una est\u00e9tica minimalista y profesional. Sin embargo, a pesar de esta diversidad, <strong>cada etiqueta del cosm\u00e9tico debe contener una serie de elementos e informaci\u00f3n obligatorios.<\/strong>  <\/p>\n\n<h2 class=\"wp-block-heading\">\u00bfQu\u00e9 debe contener una etiqueta del cosm\u00e9tico?<\/h2>\n\n<p>Independientemente del dise\u00f1o de la etiqueta, siempre debe incluir el contenido determinado en el Reglamento n\u00fam. 1223\/2009\/CE del Parlamento Europeo y del Consejo, de 30 de noviembre de 2009, sobre los productos cosm\u00e9ticos. Estos son:  <\/p>\n\n<ul class=\"wp-block-list\">\n<li><strong>el nombre y apellido\/la empresa<\/strong> y <strong>direcci\u00f3n de la persona responsable<\/strong> &#8211; se admite una forma abreviada, siempre que permita identificar al fabricante o importador,<\/li>\n\n\n\n<li><strong>el pa\u00eds de origen<\/strong> &#8211; para los productos importados de fuera de la UE,<\/li>\n\n\n\n<li><strong>el peso o volumen del producto<\/strong> &#8211; el contenido nominal del cosm\u00e9tico en el momento del acondicionamiento, indicado en peso o en volumen, salvo para los envases:\n<ul class=\"wp-block-list\">\n<li>que contengan menos de 5 gramos o 5 mililitros,<\/li>\n\n\n\n<li>las muestras gratuitas y los envases desechables,<\/li>\n\n\n\n<li>los embalajes, si esta informaci\u00f3n figura en los envases individuales contenidos en el embalaje,<\/li>\n<\/ul>\n<\/li>\n\n\n\n<li><strong>la indicaci\u00f3n de la duraci\u00f3n<\/strong> \u2013 la fecha de duraci\u00f3n m\u00ednima y para los productos con una duraci\u00f3n superior a 30 meses &#8211; tambi\u00e9n el PAO (duraci\u00f3n despu\u00e9s de la apertura),<\/li>\n\n\n\n<li><strong>las precauciones particulares<\/strong> del empleo del producto cosm\u00e9tico &#8211; informaci\u00f3n sobre inflamabilidad, riesgo de causar irritaci\u00f3n, etc.,<\/li>\n\n\n\n<li><strong>el n\u00famero de lote<\/strong> o la referencia que permita la identificaci\u00f3n del lote del producto cosm\u00e9tico,<\/li>\n\n\n\n<li><strong>la funci\u00f3n<\/strong> del producto cosm\u00e9tico, salvo si se desprende de su presentaci\u00f3n;<\/li>\n\n\n\n<li><strong>la lista de ingredientes<\/strong> seg\u00fan <strong>la Nomenclatura Internacional de Ingredientes Cosm\u00e9ticos (INCI)<\/strong>, precedida del t\u00e9rmino <em><strong>\u201cingredientes\u201d<\/strong><\/em>.<\/li>\n<\/ul>\n\n<h2 class=\"wp-block-heading\">\u00bfC\u00f3mo describir la composici\u00f3n del cosm\u00e9tico en el envase?<\/h2>\n\n<p>La composici\u00f3n del cosm\u00e9tico es un elemento en el que se fijan cada vez m\u00e1s clientes potenciales. Por lo tanto, vale la pena prestar una atenci\u00f3n especial a c\u00f3mo presentar la lista de ingredientes.  <\/p>\n\n<p>Seg\u00fan las regulaciones vigentes, <strong><a href=\"https:\/\/naturalpoland.pl\/kategoria\/produkty-dla-przemyslu-kosmetycznego\/\">los ingredientes del producto cosm\u00e9tico<\/a> deben colocarse por orden decreciente de peso.<\/strong> Esto significa que los ingredientes que figuran al principio la lista son los que tienen la mayor concentraci\u00f3n o volumen. No obstante, esta regla s\u00f3lo se aplica a las sustancias presentes en concentraciones superiores al 1% &#8211; las dem\u00e1s ya pueden enumerarse en cualquier orden.  <\/p>\n\n<p><\/p>\n\n<div style=\"height:55px\" aria-hidden=\"true\" class=\"wp-block-spacer\"><\/div>\n<div data-block-name=\"woocommerce\/featured-category\" data-category-id=\"1068\" data-edit-mode=\"false\" class=\"wc-block-featured-category alignnone has-background-dim wp-block-woocommerce-featured-category\" style=\"min-height:500px;\"><div class=\"wc-block-featured-category__wrapper\"><div class=\"background-dim__overlay\" style=\"background-color: #000000\"><\/div><img decoding=\"async\" alt=\"Materias primas cosm\u00e9ticas\" class=\"wc-block-featured-category__background-image\" src=\"https:\/\/naturalpoland.com\/wp-content\/uploads\/surowce-kosmetyczne.jpg\" style=\"object-fit: none;object-position: 50% 50%;\" \/><h2 class=\"wc-block-featured-category__title\">Materias primas cosm\u00e9ticas<\/h2><div class=\"wc-block-featured-category__description\"><p>Las <strong>materias primas cosm\u00e9ticas<\/strong> naturales no son solo aditivos tecnol\u00f3gicos que afectan la consistencia, estructura y durabilidad del producto, sino tambi\u00e9n sustancias vegetales biol\u00f3gicamente activas que mejoran las propiedades y aportan cualidades est\u00e9ticas adicionales a los cosm\u00e9ticos producidos. Ofrecemos <strong>materias primas cosm\u00e9ticas<\/strong> de alta calidad en ambas categor\u00edas, importadas solo de fabricantes de confianza y tambi\u00e9n disponibles para distribuci\u00f3n al por mayor. <\/p>\n<\/div><div class=\"wc-block-featured-category__inner-blocks\">\n\n<div class=\"wp-block-buttons is-content-justification-center is-layout-flex wp-container-core-buttons-is-layout-16018d1d wp-block-buttons-is-layout-flex\">\n<div class=\"wp-block-button\"><a class=\"wp-block-button__link wp-element-button\" href=\"https:\/\/naturalpoland.pl\/kategoria\/produkty-dla-przemyslu-kosmetycznego\/surowce-kosmetyczne\/\">Compra ahora<\/a><\/div>\n<\/div>\n\n<\/div><\/div><\/div>\n<div style=\"height:55px\" aria-hidden=\"true\" class=\"wp-block-spacer\"><\/div>\n\n<p>Un criterio igualmente informal puede adoptarse con respecto a las fragancias, cuyas composiciones pueden incluirse bajo la denominaci\u00f3n \u201cPerfume\u201d o \u201cAroma\u201d, sin enumerar los ingredientes espec\u00edficos. Tambi\u00e9n hay que recordar que las regulaciones legales establecen el m\u00ednimo necesario. Nada impide a\u00f1adir, adem\u00e1s de las denominaciones INCI, traducciones al polaco de los ingredientes clave.  <\/p>\n\n<h2 class=\"wp-block-heading\">Informaci\u00f3n adicional en la etiqueta del cosm\u00e9tico<\/h2>\n\n<p>Adem\u00e1s de la informaci\u00f3n indispensable, en la etiqueta puede incluirse por supuesto informaci\u00f3n adicional cuyo objetivo ser\u00e1 destacar la calidad o el car\u00e1cter \u00fanico del producto y promover la compra por parte de grupos espec\u00edficos de clientes. Sin embargo, todas estas declaraciones sobre las propiedades del producto o sus ingredientes deben <strong>estar respaldadas por ensayos cient\u00edficos<\/strong>. Si el fabricante menciona propiedades hidratantes, la protecci\u00f3n UVB, el efecto hipoalerg\u00e9nico, significa que ha realizado los estudios pertinentes para demostrarlo.   <\/p>\n\n<h2 class=\"wp-block-heading\">\u00bfQu\u00e9 no debe figurar en la etiqueta del cosm\u00e9tico?<\/h2>\n\n<p>No obstante, para distinguir el producto de la competencia, no hay que exagerar. En la etiqueta del cosm\u00e9tico no debe colocarse informaci\u00f3n que el producto no contiene ingredientes que normalmente no se encuentran en este tipo de preparaciones o que est\u00e1n prohibidos.  <\/p>\n\n<p>Actualmente, tambi\u00e9n se est\u00e1 abandonando la menci\u00f3n \u201cno testado en animales\u201d en las etiquetas. Las pruebas de cosm\u00e9ticos y sus ingredientes realizadas con animales se prohibieron en la UE en 2013 y por definici\u00f3n no se utilizan estas pr\u00e1cticas en ninguna preparaci\u00f3n. Por tanto, la introducci\u00f3n de este tipo de etiquetado puede influir negativamente en la percepci\u00f3n del sector por parte de los consumidores, por que sugiere que los productos no descritos como <em>cruelty free<\/em> pueden estar sujetos a las pruebas con animales.  <\/p>\n\n<hr class=\"wp-block-separator has-css-opacity\"\/>\n\n<p><strong>Bibliografia:<\/strong><\/p>\n\n<ul class=\"wp-block-list\">\n<li>https:\/\/www.kosmopedia.org\/regulacje\/oznakowanie-kosmetykow\/<\/li>\n\n\n\n<li>https:\/\/kosmetyczni.pl\/uploads\/dokumenty\/Kosmetyczni.pl_Dobre%20Praktyki%20Reklamy_przewodnik.pdf<\/li>\n\n\n\n<li>https:\/\/kosmetyczni.pl\/uploads\/dokumenty\/Wprowadzanie_do_obrotu_2019.pdf <\/li>\n<\/ul>\n\n<div style=\"height:10px\" aria-hidden=\"true\" class=\"wp-block-spacer\"><\/div>\n","protected":false},"excerpt":{"rendered":"<p>Las etiquetas de los cosm\u00e9ticos se caracterizan por una gran diversidad. Algunas destacan por los colores y gr\u00e1ficos juveniles, mientras que otras enfatizan su exclusividad con una est\u00e9tica minimalista y profesional. Sin embargo, a pesar de esta diversidad, cada etiqueta del cosm\u00e9tico debe contener una serie de elementos e informaci\u00f3n obligatorios.  <\/p>\n","protected":false},"author":15,"featured_media":18522,"comment_status":"closed","ping_status":"closed","sticky":false,"template":"","format":"standard","meta":{"_acf_changed":false,"footnotes":""},"categories":[2267],"tags":[],"class_list":["post-28138","post","type-post","status-publish","format-standard","has-post-thumbnail","hentry","category-produccion-de-cosmeticos"],"acf":[],"yoast_head":"<!-- This site is optimized with the Yoast SEO plugin v27.4 - https:\/\/yoast.com\/product\/yoast-seo-wordpress\/ -->\n<title>Etiqueta del cosm\u00e9tico - \u00bfqu\u00e9 debe contener?<\/title>\n<meta name=\"description\" content=\"Las etiquetas de los cosm\u00e9ticos se caracterizan por una gran diversidad. Cada etiqueta del cosm\u00e9tico debe contener una serie de elementos e informaci\u00f3n obligatorios.\" \/>\n<meta name=\"robots\" content=\"index, follow, max-snippet:-1, max-image-preview:large, max-video-preview:-1\" \/>\n<link rel=\"canonical\" href=\"https:\/\/naturalpoland.com\/es\/artykuly\/produccion-de-cosmeticos\/etiqueta-del-cosmetico-que-debe-contener\/\" \/>\n<meta property=\"og:locale\" content=\"es_ES\" \/>\n<meta property=\"og:type\" content=\"article\" \/>\n<meta property=\"og:title\" content=\"Etiqueta del cosm\u00e9tico - \u00bfqu\u00e9 debe contener?\" \/>\n<meta property=\"og:description\" content=\"Las etiquetas de los cosm\u00e9ticos se caracterizan por una gran diversidad. Cada etiqueta del cosm\u00e9tico debe contener una serie de elementos e informaci\u00f3n obligatorios.\" \/>\n<meta property=\"og:url\" content=\"https:\/\/naturalpoland.com\/es\/artykuly\/produccion-de-cosmeticos\/etiqueta-del-cosmetico-que-debe-contener\/\" \/>\n<meta property=\"og:site_name\" content=\"NATURAL POLAND - Distribuidor Mayorista de Materias Primas\" \/>\n<meta property=\"article:publisher\" content=\"https:\/\/www.facebook.com\/naturalpoland.b2b\" \/>\n<meta property=\"article:published_time\" content=\"2023-11-24T10:56:36+00:00\" \/>\n<meta property=\"article:modified_time\" content=\"2023-11-24T10:56:37+00:00\" \/>\n<meta property=\"og:image\" content=\"https:\/\/naturalpoland.com\/wp-content\/uploads\/co-powinna-zawierac-etykieta-kosmetyczna.jpg\" \/>\n\t<meta property=\"og:image:width\" content=\"1000\" \/>\n\t<meta property=\"og:image:height\" content=\"522\" \/>\n\t<meta property=\"og:image:type\" content=\"image\/jpeg\" \/>\n<meta name=\"author\" content=\"dr n. farm. Katarzyna Kimel\" \/>\n<script type=\"application\/ld+json\" class=\"yoast-schema-graph\">{\"@context\":\"https:\\\/\\\/schema.org\",\"@graph\":[{\"@type\":\"Article\",\"@id\":\"https:\\\/\\\/naturalpoland.com\\\/es\\\/artykuly\\\/produccion-de-cosmeticos\\\/etiqueta-del-cosmetico-que-debe-contener\\\/#article\",\"isPartOf\":{\"@id\":\"https:\\\/\\\/naturalpoland.com\\\/es\\\/artykuly\\\/produccion-de-cosmeticos\\\/etiqueta-del-cosmetico-que-debe-contener\\\/\"},\"author\":{\"name\":\"dr n. farm. Katarzyna Kimel\",\"@id\":\"https:\\\/\\\/naturalpoland.com\\\/es\\\/#\\\/schema\\\/person\\\/4ff557834bad314d4e658287a692ff20\"},\"headline\":\"Etiqueta del cosm\u00e9tico &#8211; \u00bfqu\u00e9 debe contener?\",\"datePublished\":\"2023-11-24T10:56:36+00:00\",\"dateModified\":\"2023-11-24T10:56:37+00:00\",\"mainEntityOfPage\":{\"@id\":\"https:\\\/\\\/naturalpoland.com\\\/es\\\/artykuly\\\/produccion-de-cosmeticos\\\/etiqueta-del-cosmetico-que-debe-contener\\\/\"},\"wordCount\":761,\"publisher\":{\"@id\":\"https:\\\/\\\/naturalpoland.com\\\/es\\\/#organization\"},\"image\":{\"@id\":\"https:\\\/\\\/naturalpoland.com\\\/es\\\/artykuly\\\/produccion-de-cosmeticos\\\/etiqueta-del-cosmetico-que-debe-contener\\\/#primaryimage\"},\"thumbnailUrl\":\"https:\\\/\\\/naturalpoland.com\\\/wp-content\\\/uploads\\\/co-powinna-zawierac-etykieta-kosmetyczna.jpg\",\"articleSection\":[\"Producci\u00f3n de cosm\u00e9ticos\"],\"inLanguage\":\"es\"},{\"@type\":\"WebPage\",\"@id\":\"https:\\\/\\\/naturalpoland.com\\\/es\\\/artykuly\\\/produccion-de-cosmeticos\\\/etiqueta-del-cosmetico-que-debe-contener\\\/\",\"url\":\"https:\\\/\\\/naturalpoland.com\\\/es\\\/artykuly\\\/produccion-de-cosmeticos\\\/etiqueta-del-cosmetico-que-debe-contener\\\/\",\"name\":\"Etiqueta del cosm\u00e9tico - \u00bfqu\u00e9 debe contener?\",\"isPartOf\":{\"@id\":\"https:\\\/\\\/naturalpoland.com\\\/es\\\/#website\"},\"primaryImageOfPage\":{\"@id\":\"https:\\\/\\\/naturalpoland.com\\\/es\\\/artykuly\\\/produccion-de-cosmeticos\\\/etiqueta-del-cosmetico-que-debe-contener\\\/#primaryimage\"},\"image\":{\"@id\":\"https:\\\/\\\/naturalpoland.com\\\/es\\\/artykuly\\\/produccion-de-cosmeticos\\\/etiqueta-del-cosmetico-que-debe-contener\\\/#primaryimage\"},\"thumbnailUrl\":\"https:\\\/\\\/naturalpoland.com\\\/wp-content\\\/uploads\\\/co-powinna-zawierac-etykieta-kosmetyczna.jpg\",\"datePublished\":\"2023-11-24T10:56:36+00:00\",\"dateModified\":\"2023-11-24T10:56:37+00:00\",\"description\":\"Las etiquetas de los cosm\u00e9ticos se caracterizan por una gran diversidad. Cada etiqueta del cosm\u00e9tico debe contener una serie de elementos e informaci\u00f3n obligatorios.\",\"breadcrumb\":{\"@id\":\"https:\\\/\\\/naturalpoland.com\\\/es\\\/artykuly\\\/produccion-de-cosmeticos\\\/etiqueta-del-cosmetico-que-debe-contener\\\/#breadcrumb\"},\"inLanguage\":\"es\",\"potentialAction\":[{\"@type\":\"ReadAction\",\"target\":[\"https:\\\/\\\/naturalpoland.com\\\/es\\\/artykuly\\\/produccion-de-cosmeticos\\\/etiqueta-del-cosmetico-que-debe-contener\\\/\"]}]},{\"@type\":\"ImageObject\",\"inLanguage\":\"es\",\"@id\":\"https:\\\/\\\/naturalpoland.com\\\/es\\\/artykuly\\\/produccion-de-cosmeticos\\\/etiqueta-del-cosmetico-que-debe-contener\\\/#primaryimage\",\"url\":\"https:\\\/\\\/naturalpoland.com\\\/wp-content\\\/uploads\\\/co-powinna-zawierac-etykieta-kosmetyczna.jpg\",\"contentUrl\":\"https:\\\/\\\/naturalpoland.com\\\/wp-content\\\/uploads\\\/co-powinna-zawierac-etykieta-kosmetyczna.jpg\",\"width\":1000,\"height\":522,\"caption\":\"co powinna zawiera\u0107 etykieta kosmetyczna\"},{\"@type\":\"BreadcrumbList\",\"@id\":\"https:\\\/\\\/naturalpoland.com\\\/es\\\/artykuly\\\/produccion-de-cosmeticos\\\/etiqueta-del-cosmetico-que-debe-contener\\\/#breadcrumb\",\"itemListElement\":[{\"@type\":\"ListItem\",\"position\":1,\"name\":\"Inicio\",\"item\":\"https:\\\/\\\/naturalpoland.com\\\/es\\\/\"},{\"@type\":\"ListItem\",\"position\":2,\"name\":\"Etiqueta del cosm\u00e9tico &#8211; \u00bfqu\u00e9 debe contener?\"}]},{\"@type\":\"WebSite\",\"@id\":\"https:\\\/\\\/naturalpoland.com\\\/es\\\/#website\",\"url\":\"https:\\\/\\\/naturalpoland.com\\\/es\\\/\",\"name\":\"NATURAL POLAND - Distribuidor Mayorista de Materias Primas\",\"description\":\"Surowce dla przemys\u0142u spo\u017cywczego, kosmetycznego i farmaceutycznego\",\"publisher\":{\"@id\":\"https:\\\/\\\/naturalpoland.com\\\/es\\\/#organization\"},\"potentialAction\":[{\"@type\":\"SearchAction\",\"target\":{\"@type\":\"EntryPoint\",\"urlTemplate\":\"https:\\\/\\\/naturalpoland.com\\\/es\\\/?s={search_term_string}\"},\"query-input\":{\"@type\":\"PropertyValueSpecification\",\"valueRequired\":true,\"valueName\":\"search_term_string\"}}],\"inLanguage\":\"es\"},{\"@type\":\"Organization\",\"@id\":\"https:\\\/\\\/naturalpoland.com\\\/es\\\/#organization\",\"name\":\"Natural Poland\",\"url\":\"https:\\\/\\\/naturalpoland.com\\\/es\\\/\",\"logo\":{\"@type\":\"ImageObject\",\"inLanguage\":\"es\",\"@id\":\"https:\\\/\\\/naturalpoland.com\\\/es\\\/#\\\/schema\\\/logo\\\/image\\\/\",\"url\":\"https:\\\/\\\/naturalpoland.com\\\/wp-content\\\/uploads\\\/2021\\\/05\\\/natural-poland-icon.png\",\"contentUrl\":\"https:\\\/\\\/naturalpoland.com\\\/wp-content\\\/uploads\\\/2021\\\/05\\\/natural-poland-icon.png\",\"width\":512,\"height\":512,\"caption\":\"Natural Poland\"},\"image\":{\"@id\":\"https:\\\/\\\/naturalpoland.com\\\/es\\\/#\\\/schema\\\/logo\\\/image\\\/\"},\"sameAs\":[\"https:\\\/\\\/www.facebook.com\\\/naturalpoland.b2b\",\"https:\\\/\\\/pl.linkedin.com\\\/company\\\/natural-poland\",\"https:\\\/\\\/www.youtube.com\\\/channel\\\/UCgeGGkvOMahZo-xu_MSEWxg\"]},{\"@type\":\"Person\",\"@id\":\"https:\\\/\\\/naturalpoland.com\\\/es\\\/#\\\/schema\\\/person\\\/4ff557834bad314d4e658287a692ff20\",\"name\":\"dr n. farm. Katarzyna Kimel\",\"image\":{\"@type\":\"ImageObject\",\"inLanguage\":\"es\",\"@id\":\"https:\\\/\\\/secure.gravatar.com\\\/avatar\\\/05865800fb452a217641952f0fa03e9f70fadb6b1ad0ea31fcb602bceaa7ae2e?s=96&d=mm&r=g\",\"url\":\"https:\\\/\\\/secure.gravatar.com\\\/avatar\\\/05865800fb452a217641952f0fa03e9f70fadb6b1ad0ea31fcb602bceaa7ae2e?s=96&d=mm&r=g\",\"contentUrl\":\"https:\\\/\\\/secure.gravatar.com\\\/avatar\\\/05865800fb452a217641952f0fa03e9f70fadb6b1ad0ea31fcb602bceaa7ae2e?s=96&d=mm&r=g\",\"caption\":\"dr n. farm. Katarzyna Kimel\"},\"description\":\"Doktor nauk farmaceutycznych, kt\u00f3rej zainteresowania naukowe skupiaj\u0105 si\u0119 na badaniach lek\u00f3w ro\u015blinnych i substancji biologicznie czynnych pochodzenia naturalnego. Mi\u0142o\u015bniczka podr\u00f3\u017cy i sp\u0119dzania wolnego czasu na \u0142onie natury.\",\"url\":\"https:\\\/\\\/naturalpoland.com\\\/es\\\/artykuly\\\/author\\\/katarzyna-kimel\\\/\"}]}<\/script>\n<!-- \/ Yoast SEO plugin. -->","yoast_head_json":{"title":"Etiqueta del cosm\u00e9tico - \u00bfqu\u00e9 debe contener?","description":"Las etiquetas de los cosm\u00e9ticos se caracterizan por una gran diversidad. Cada etiqueta del cosm\u00e9tico debe contener una serie de elementos e informaci\u00f3n obligatorios.","robots":{"index":"index","follow":"follow","max-snippet":"max-snippet:-1","max-image-preview":"max-image-preview:large","max-video-preview":"max-video-preview:-1"},"canonical":"https:\/\/naturalpoland.com\/es\/artykuly\/produccion-de-cosmeticos\/etiqueta-del-cosmetico-que-debe-contener\/","og_locale":"es_ES","og_type":"article","og_title":"Etiqueta del cosm\u00e9tico - \u00bfqu\u00e9 debe contener?","og_description":"Las etiquetas de los cosm\u00e9ticos se caracterizan por una gran diversidad. Cada etiqueta del cosm\u00e9tico debe contener una serie de elementos e informaci\u00f3n obligatorios.","og_url":"https:\/\/naturalpoland.com\/es\/artykuly\/produccion-de-cosmeticos\/etiqueta-del-cosmetico-que-debe-contener\/","og_site_name":"NATURAL POLAND - Distribuidor Mayorista de Materias Primas","article_publisher":"https:\/\/www.facebook.com\/naturalpoland.b2b","article_published_time":"2023-11-24T10:56:36+00:00","article_modified_time":"2023-11-24T10:56:37+00:00","og_image":[{"width":1000,"height":522,"url":"https:\/\/naturalpoland.com\/wp-content\/uploads\/co-powinna-zawierac-etykieta-kosmetyczna.jpg","type":"image\/jpeg"}],"author":"dr n. farm. Katarzyna Kimel","schema":{"@context":"https:\/\/schema.org","@graph":[{"@type":"Article","@id":"https:\/\/naturalpoland.com\/es\/artykuly\/produccion-de-cosmeticos\/etiqueta-del-cosmetico-que-debe-contener\/#article","isPartOf":{"@id":"https:\/\/naturalpoland.com\/es\/artykuly\/produccion-de-cosmeticos\/etiqueta-del-cosmetico-que-debe-contener\/"},"author":{"name":"dr n. farm. Katarzyna Kimel","@id":"https:\/\/naturalpoland.com\/es\/#\/schema\/person\/4ff557834bad314d4e658287a692ff20"},"headline":"Etiqueta del cosm\u00e9tico &#8211; \u00bfqu\u00e9 debe contener?","datePublished":"2023-11-24T10:56:36+00:00","dateModified":"2023-11-24T10:56:37+00:00","mainEntityOfPage":{"@id":"https:\/\/naturalpoland.com\/es\/artykuly\/produccion-de-cosmeticos\/etiqueta-del-cosmetico-que-debe-contener\/"},"wordCount":761,"publisher":{"@id":"https:\/\/naturalpoland.com\/es\/#organization"},"image":{"@id":"https:\/\/naturalpoland.com\/es\/artykuly\/produccion-de-cosmeticos\/etiqueta-del-cosmetico-que-debe-contener\/#primaryimage"},"thumbnailUrl":"https:\/\/naturalpoland.com\/wp-content\/uploads\/co-powinna-zawierac-etykieta-kosmetyczna.jpg","articleSection":["Producci\u00f3n de cosm\u00e9ticos"],"inLanguage":"es"},{"@type":"WebPage","@id":"https:\/\/naturalpoland.com\/es\/artykuly\/produccion-de-cosmeticos\/etiqueta-del-cosmetico-que-debe-contener\/","url":"https:\/\/naturalpoland.com\/es\/artykuly\/produccion-de-cosmeticos\/etiqueta-del-cosmetico-que-debe-contener\/","name":"Etiqueta del cosm\u00e9tico - \u00bfqu\u00e9 debe contener?","isPartOf":{"@id":"https:\/\/naturalpoland.com\/es\/#website"},"primaryImageOfPage":{"@id":"https:\/\/naturalpoland.com\/es\/artykuly\/produccion-de-cosmeticos\/etiqueta-del-cosmetico-que-debe-contener\/#primaryimage"},"image":{"@id":"https:\/\/naturalpoland.com\/es\/artykuly\/produccion-de-cosmeticos\/etiqueta-del-cosmetico-que-debe-contener\/#primaryimage"},"thumbnailUrl":"https:\/\/naturalpoland.com\/wp-content\/uploads\/co-powinna-zawierac-etykieta-kosmetyczna.jpg","datePublished":"2023-11-24T10:56:36+00:00","dateModified":"2023-11-24T10:56:37+00:00","description":"Las etiquetas de los cosm\u00e9ticos se caracterizan por una gran diversidad. Cada etiqueta del cosm\u00e9tico debe contener una serie de elementos e informaci\u00f3n obligatorios.","breadcrumb":{"@id":"https:\/\/naturalpoland.com\/es\/artykuly\/produccion-de-cosmeticos\/etiqueta-del-cosmetico-que-debe-contener\/#breadcrumb"},"inLanguage":"es","potentialAction":[{"@type":"ReadAction","target":["https:\/\/naturalpoland.com\/es\/artykuly\/produccion-de-cosmeticos\/etiqueta-del-cosmetico-que-debe-contener\/"]}]},{"@type":"ImageObject","inLanguage":"es","@id":"https:\/\/naturalpoland.com\/es\/artykuly\/produccion-de-cosmeticos\/etiqueta-del-cosmetico-que-debe-contener\/#primaryimage","url":"https:\/\/naturalpoland.com\/wp-content\/uploads\/co-powinna-zawierac-etykieta-kosmetyczna.jpg","contentUrl":"https:\/\/naturalpoland.com\/wp-content\/uploads\/co-powinna-zawierac-etykieta-kosmetyczna.jpg","width":1000,"height":522,"caption":"co powinna zawiera\u0107 etykieta kosmetyczna"},{"@type":"BreadcrumbList","@id":"https:\/\/naturalpoland.com\/es\/artykuly\/produccion-de-cosmeticos\/etiqueta-del-cosmetico-que-debe-contener\/#breadcrumb","itemListElement":[{"@type":"ListItem","position":1,"name":"Inicio","item":"https:\/\/naturalpoland.com\/es\/"},{"@type":"ListItem","position":2,"name":"Etiqueta del cosm\u00e9tico &#8211; \u00bfqu\u00e9 debe contener?"}]},{"@type":"WebSite","@id":"https:\/\/naturalpoland.com\/es\/#website","url":"https:\/\/naturalpoland.com\/es\/","name":"NATURAL POLAND - Distribuidor Mayorista de Materias Primas","description":"Surowce dla przemys\u0142u spo\u017cywczego, kosmetycznego i farmaceutycznego","publisher":{"@id":"https:\/\/naturalpoland.com\/es\/#organization"},"potentialAction":[{"@type":"SearchAction","target":{"@type":"EntryPoint","urlTemplate":"https:\/\/naturalpoland.com\/es\/?s={search_term_string}"},"query-input":{"@type":"PropertyValueSpecification","valueRequired":true,"valueName":"search_term_string"}}],"inLanguage":"es"},{"@type":"Organization","@id":"https:\/\/naturalpoland.com\/es\/#organization","name":"Natural Poland","url":"https:\/\/naturalpoland.com\/es\/","logo":{"@type":"ImageObject","inLanguage":"es","@id":"https:\/\/naturalpoland.com\/es\/#\/schema\/logo\/image\/","url":"https:\/\/naturalpoland.com\/wp-content\/uploads\/2021\/05\/natural-poland-icon.png","contentUrl":"https:\/\/naturalpoland.com\/wp-content\/uploads\/2021\/05\/natural-poland-icon.png","width":512,"height":512,"caption":"Natural Poland"},"image":{"@id":"https:\/\/naturalpoland.com\/es\/#\/schema\/logo\/image\/"},"sameAs":["https:\/\/www.facebook.com\/naturalpoland.b2b","https:\/\/pl.linkedin.com\/company\/natural-poland","https:\/\/www.youtube.com\/channel\/UCgeGGkvOMahZo-xu_MSEWxg"]},{"@type":"Person","@id":"https:\/\/naturalpoland.com\/es\/#\/schema\/person\/4ff557834bad314d4e658287a692ff20","name":"dr n. farm. Katarzyna Kimel","image":{"@type":"ImageObject","inLanguage":"es","@id":"https:\/\/secure.gravatar.com\/avatar\/05865800fb452a217641952f0fa03e9f70fadb6b1ad0ea31fcb602bceaa7ae2e?s=96&d=mm&r=g","url":"https:\/\/secure.gravatar.com\/avatar\/05865800fb452a217641952f0fa03e9f70fadb6b1ad0ea31fcb602bceaa7ae2e?s=96&d=mm&r=g","contentUrl":"https:\/\/secure.gravatar.com\/avatar\/05865800fb452a217641952f0fa03e9f70fadb6b1ad0ea31fcb602bceaa7ae2e?s=96&d=mm&r=g","caption":"dr n. farm. Katarzyna Kimel"},"description":"Doktor nauk farmaceutycznych, kt\u00f3rej zainteresowania naukowe skupiaj\u0105 si\u0119 na badaniach lek\u00f3w ro\u015blinnych i substancji biologicznie czynnych pochodzenia naturalnego. Mi\u0142o\u015bniczka podr\u00f3\u017cy i sp\u0119dzania wolnego czasu na \u0142onie natury.","url":"https:\/\/naturalpoland.com\/es\/artykuly\/author\/katarzyna-kimel\/"}]}},"_links":{"self":[{"href":"https:\/\/naturalpoland.com\/es\/wp-json\/wp\/v2\/posts\/28138","targetHints":{"allow":["GET"]}}],"collection":[{"href":"https:\/\/naturalpoland.com\/es\/wp-json\/wp\/v2\/posts"}],"about":[{"href":"https:\/\/naturalpoland.com\/es\/wp-json\/wp\/v2\/types\/post"}],"author":[{"embeddable":true,"href":"https:\/\/naturalpoland.com\/es\/wp-json\/wp\/v2\/users\/15"}],"replies":[{"embeddable":true,"href":"https:\/\/naturalpoland.com\/es\/wp-json\/wp\/v2\/comments?post=28138"}],"version-history":[{"count":0,"href":"https:\/\/naturalpoland.com\/es\/wp-json\/wp\/v2\/posts\/28138\/revisions"}],"wp:featuredmedia":[{"embeddable":true,"href":"https:\/\/naturalpoland.com\/es\/wp-json\/wp\/v2\/media\/18522"}],"wp:attachment":[{"href":"https:\/\/naturalpoland.com\/es\/wp-json\/wp\/v2\/media?parent=28138"}],"wp:term":[{"taxonomy":"category","embeddable":true,"href":"https:\/\/naturalpoland.com\/es\/wp-json\/wp\/v2\/categories?post=28138"},{"taxonomy":"post_tag","embeddable":true,"href":"https:\/\/naturalpoland.com\/es\/wp-json\/wp\/v2\/tags?post=28138"}],"curies":[{"name":"wp","href":"https:\/\/api.w.org\/{rel}","templated":true}]}}