{"id":35611,"date":"2024-09-16T14:57:19","date_gmt":"2024-09-16T12:57:19","guid":{"rendered":"https:\/\/naturalpoland.com\/artykuly\/productos-naturales\/aloe-vera-las-cronicas-verdes-de-africa\/"},"modified":"2024-09-16T14:57:20","modified_gmt":"2024-09-16T12:57:20","slug":"aloe-vera-las-cronicas-verdes-de-africa","status":"publish","type":"post","link":"https:\/\/naturalpoland.com\/es\/artykuly\/productos-naturales\/aloe-vera-las-cronicas-verdes-de-africa\/","title":{"rendered":"Aloe Vera: Las Cr\u00f3nicas Verdes de \u00c1frica"},"content":{"rendered":"\n<p>Las vastas extensiones de \u00c1frica est\u00e1n llenas de historias, no solo de civilizaciones desaparecidas, sino tambi\u00e9n de plantas que han logrado sobrevivir el paso del tiempo. Estas historias se pueden encontrar tanto en los animales como en las plantas. A pesar de su h\u00e1bitat, que consiste en dunas doradas y luz solar brillante, <strong>las plantas de aloe vera<\/strong> pueden resistir y seguir siendo inquebrantables en su determinaci\u00f3n. Pueden prosperar en lugares donde la mayor\u00eda de las personas tendr\u00edan miedo de poner un pie, lo que es una prueba del brillante dise\u00f1o de la naturaleza. Su capacidad para hacerlo demuestra la brillantez de la naturaleza.    <\/p>\n\n<h2 class=\"wp-block-heading\"><strong>Alquimia en el coraz\u00f3n de \u00c1frica<\/strong><\/h2>\n\n<p>El <strong>Aloe Vera<\/strong> destaca en los pueblos bulliciosos, donde las tradiciones ancestrales se mezclan con los ritmos de los tambores y los olores de los fogones. En estos pueblos tambi\u00e9n se cultiva el Aloe Vera, que se utiliza de diversas formas. La consistencia de su gel es similar a la del oro l\u00edquido. Gracias a su sabidur\u00eda natural, los indios han sabido aprovechar el poder del Aloe Vera desde hace mucho tiempo. Los elixires se crean combinando las propiedades curativas del aloe vera con las de otras potentes hierbas y estos elixires ofrecen a sus usuarios la promesa de una energ\u00eda y un vigor m\u00e1s incre\u00edbles.    <\/p>\n\n<div style=\"height:30px\" aria-hidden=\"true\" class=\"wp-block-spacer\"><\/div>\n<div data-block-name=\"woocommerce\/featured-product\" data-edit-mode=\"false\" data-image-fit=\"cover\" data-product-id=\"11372\" data-show-price=\"false\" class=\"wc-block-featured-product alignnone has-background-dim wp-block-woocommerce-featured-product\" style=\"min-height:500px;\"><div class=\"wc-block-featured-product__wrapper\"><div class=\"background-dim__overlay\" style=\"background-color: #000000\"><\/div><img decoding=\"async\" alt=\"Mantequilla de aloe\" class=\"wc-block-featured-product__background-image\" src=\"https:\/\/naturalpoland.com\/wp-content\/uploads\/aloe-vera-butter.jpg\" style=\"object-fit: cover;object-position: 50% 50%;\" \/><h2 class=\"wc-block-featured-product__title\">Mantequilla de aloe<\/h2><div class=\"wc-block-featured-product__description\"><p>La mantequilla de aloe vera est\u00e1 hecha de una combinaci\u00f3n de jugo de aloe vera y aceite de coco. Gracias a esto, tiene las ventajas de ambos productos. Es una rica fuente de triglic\u00e9ridos, polisac\u00e1ridos, flavonoides, vitaminas y \u00e1cidos hidrox\u00edlicos. Dicha mantequilla calma e hidrata perfectamente la piel y el cabello.<\/p>\n<\/div><div class=\"wc-block-featured-product__inner-blocks\">\n\n<div class=\"wp-block-buttons is-content-justification-center is-layout-flex wp-container-core-buttons-is-layout-16018d1d wp-block-buttons-is-layout-flex\">\n<div class=\"wp-block-button\"><a class=\"wp-block-button__link wp-element-button\" href=\"https:\/\/naturalpoland.com\/es\/productos\/productos-para-la-industria-cosmetica\/mantecas-cosmeticas\/mantequilla-aloe\/\">Compra ahora<\/a><\/div>\n<\/div>\n\n<\/div><\/div><\/div>\n<div style=\"height:40px\" aria-hidden=\"true\" class=\"wp-block-spacer\"><\/div>\n\n<h2 class=\"wp-block-heading\"><strong>Guardianes de la hidrataci\u00f3n: el papel del aloe vera en la nutrici\u00f3n<\/strong><\/h2>\n\n<p>Las vastas sabanas, te\u00f1idas de tonos naranjas y amarillos, pueden crear la apariencia de que no hay humedad. Esto se debe a que los colores contrastan entre s\u00ed. Por otro lado, el aloe vera se destaca como un ejemplo luminoso de hidrataci\u00f3n adecuada. Las tribus nativas emplearon esta notable planta de forma t\u00f3pica durante un per\u00edodo prolongado y dependieron de ella en gran medida como fuente de hidrataci\u00f3n. No se trata solo de saciar el hambre; tambi\u00e9n se trata de garantizar que sigamos viviendo.    <\/p>\n\n<h2 class=\"wp-block-heading\"><strong>Ecos de tierras ancestrales: el aloe vera en las ceremonias<\/strong><\/h2>\n\n<p>El aloe vera se incorpora con frecuencia como un componente inalienable en las ceremonias que realizan las tribus, que se caracterizan por un profundo nivel de fervor religioso. Los rituales pueden comenzar cuando despunta el alba y los primeros rayos de luz tocan el horizonte. Esto marca el comienzo del d\u00eda. Los bailarines muestran su aprecio por la naturaleza y las personas que los precedieron aplic\u00e1ndose aloe vera en el cuerpo despu\u00e9s de mezclarlo con varios tintes vibrantes. Estos no son solo sucesos; en cambio, son portales hacia el plano et\u00e9reo de la existencia.    <\/p>\n\n<h2 class=\"wp-block-heading\"><strong>Los vientos alisios y la ruta del aloe vera<\/strong><\/h2>\n\n<p>Debido a los dif\u00edciles terrenos que deben recorrer los comerciantes en \u00c1frica, el aloe vera se suele intercambiar por otros productos y luego venderse. Es un producto b\u00e1sico, sin duda, pero tambi\u00e9n sirve como v\u00ednculo entre varias tribus, lo que ayuda a mantener la paz y fortalece los lazos entre ellas. Se dice que en los mercados, desde Casablanca hasta Ciudad del Cabo, se escuchan historias sobre <strong>los efectos milagrosos del aloe vera<\/strong>, que atraen a comerciantes de regiones muy lejanas.  <\/p>\n\n<h2 class=\"wp-block-heading\"><strong>El resurgimiento verde en los tiempos modernos<\/strong><\/h2>\n\n<p>Parece que la situaci\u00f3n va a cambiar pronto. Debido al reciente aumento del inter\u00e9s por los productos, los m\u00e9todos naturales y respetar el medio ambiente en todo el mundo, el aloe vera, que tiene su origen en \u00c1frica, ha experimentado recientemente un aumento de popularidad en todo el mundo. Aloe Chronicles est\u00e1 trabajando actualmente en una nueva entrada, al mismo tiempo que las unidades de producci\u00f3n est\u00e1n empezando a tomar forma y se est\u00e1n destinando fondos a la investigaci\u00f3n. Esta es una historia de optimismo, desarrollo personal y las infinitas oportunidades que tenemos por delante.   <\/p>\n\n<h2 class=\"wp-block-heading\"><strong>El legado y el camino a seguir<\/strong><\/h2>\n\n<p>La planta de aloe vera proyecta una gran sombra que se extiende en todas direcciones y abarca no solo los paisajes arenosos sino tambi\u00e9n el intrincado tejido cultural de \u00c1frica. Esta sombra se extiende a lo largo y ancho. Su gelatina est\u00e1 llena de historias de batallas, rituales, comercio y la lucha diaria por mantenerse con vida. Esto no es solo bot\u00e1nica; es historia en su forma m\u00e1s fundamental. La bot\u00e1nica es simplemente el estudio de las plantas. Hay pocas razones para dudar de que la planta de aloe vera, a medida que pase el tiempo, seguir\u00e1 desempe\u00f1ando un papel importante en la forma en que la vida cotidiana, la cultura y la econom\u00eda se entrelazan en toda \u00c1frica.     <\/p>\n","protected":false},"excerpt":{"rendered":"<p>Las vastas extensiones de \u00c1frica est\u00e1n llenas de historias, no solo de civilizaciones desaparecidas, sino tambi\u00e9n de plantas que han logrado sobrevivir el paso del tiempo. <\/p>\n","protected":false},"author":19,"featured_media":25228,"comment_status":"closed","ping_status":"closed","sticky":false,"template":"","format":"standard","meta":{"_acf_changed":false,"footnotes":""},"categories":[2241,1808],"tags":[],"class_list":["post-35611","post","type-post","status-publish","format-standard","has-post-thumbnail","hentry","category-productos-de-africa","category-productos-naturales"],"acf":[],"yoast_head":"<!-- This site is optimized with the Yoast SEO plugin v27.5 - https:\/\/yoast.com\/product\/yoast-seo-wordpress\/ -->\n<title>Aloe Vera: Las Cr\u00f3nicas Verdes de \u00c1frica<\/title>\n<meta name=\"description\" content=\"Las vastas extensiones de \u00c1frica est\u00e1n llenas de historias, no solo de civilizaciones desaparecidas, sino tambi\u00e9n de plantas que han logrado sobrevivir el paso del tiempo.\" \/>\n<meta name=\"robots\" content=\"index, follow, max-snippet:-1, max-image-preview:large, max-video-preview:-1\" \/>\n<link rel=\"canonical\" href=\"https:\/\/naturalpoland.com\/es\/artykuly\/productos-naturales\/aloe-vera-las-cronicas-verdes-de-africa\/\" \/>\n<meta property=\"og:locale\" content=\"es_ES\" \/>\n<meta property=\"og:type\" content=\"article\" \/>\n<meta property=\"og:title\" content=\"Aloe Vera: Las Cr\u00f3nicas Verdes de \u00c1frica\" \/>\n<meta property=\"og:description\" content=\"Las vastas extensiones de \u00c1frica est\u00e1n llenas de historias, no solo de civilizaciones desaparecidas, sino tambi\u00e9n de plantas que han logrado sobrevivir el paso del tiempo.\" \/>\n<meta property=\"og:url\" content=\"https:\/\/naturalpoland.com\/es\/artykuly\/productos-naturales\/aloe-vera-las-cronicas-verdes-de-africa\/\" \/>\n<meta property=\"og:site_name\" content=\"NATURAL POLAND - Distribuidor Mayorista de Materias Primas\" \/>\n<meta property=\"article:publisher\" content=\"https:\/\/www.facebook.com\/naturalpoland.b2b\" \/>\n<meta property=\"article:published_time\" content=\"2024-09-16T12:57:19+00:00\" \/>\n<meta property=\"article:modified_time\" content=\"2024-09-16T12:57:20+00:00\" \/>\n<meta property=\"og:image\" content=\"https:\/\/naturalpoland.com\/wp-content\/uploads\/aloe-vera-in-africa.jpg\" \/>\n\t<meta property=\"og:image:width\" content=\"1024\" \/>\n\t<meta property=\"og:image:height\" content=\"610\" \/>\n\t<meta property=\"og:image:type\" content=\"image\/jpeg\" \/>\n<meta name=\"author\" content=\"Fiona Bulia\" \/>\n<script type=\"application\/ld+json\" class=\"yoast-schema-graph\">{\"@context\":\"https:\\\/\\\/schema.org\",\"@graph\":[{\"@type\":\"Article\",\"@id\":\"https:\\\/\\\/naturalpoland.com\\\/es\\\/artykuly\\\/productos-naturales\\\/aloe-vera-las-cronicas-verdes-de-africa\\\/#article\",\"isPartOf\":{\"@id\":\"https:\\\/\\\/naturalpoland.com\\\/es\\\/artykuly\\\/productos-naturales\\\/aloe-vera-las-cronicas-verdes-de-africa\\\/\"},\"author\":{\"name\":\"Fiona Bulia\",\"@id\":\"https:\\\/\\\/naturalpoland.com\\\/es\\\/#\\\/schema\\\/person\\\/c6cec6a7a33486992efb6b4041a91f0a\"},\"headline\":\"Aloe Vera: Las Cr\u00f3nicas Verdes de \u00c1frica\",\"datePublished\":\"2024-09-16T12:57:19+00:00\",\"dateModified\":\"2024-09-16T12:57:20+00:00\",\"mainEntityOfPage\":{\"@id\":\"https:\\\/\\\/naturalpoland.com\\\/es\\\/artykuly\\\/productos-naturales\\\/aloe-vera-las-cronicas-verdes-de-africa\\\/\"},\"wordCount\":787,\"publisher\":{\"@id\":\"https:\\\/\\\/naturalpoland.com\\\/es\\\/#organization\"},\"image\":{\"@id\":\"https:\\\/\\\/naturalpoland.com\\\/es\\\/artykuly\\\/productos-naturales\\\/aloe-vera-las-cronicas-verdes-de-africa\\\/#primaryimage\"},\"thumbnailUrl\":\"https:\\\/\\\/naturalpoland.com\\\/wp-content\\\/uploads\\\/aloe-vera-in-africa.jpg\",\"articleSection\":[\"Productos de \u00c1frica\",\"Productos naturales\"],\"inLanguage\":\"es\"},{\"@type\":\"WebPage\",\"@id\":\"https:\\\/\\\/naturalpoland.com\\\/es\\\/artykuly\\\/productos-naturales\\\/aloe-vera-las-cronicas-verdes-de-africa\\\/\",\"url\":\"https:\\\/\\\/naturalpoland.com\\\/es\\\/artykuly\\\/productos-naturales\\\/aloe-vera-las-cronicas-verdes-de-africa\\\/\",\"name\":\"Aloe Vera: Las Cr\u00f3nicas Verdes de \u00c1frica\",\"isPartOf\":{\"@id\":\"https:\\\/\\\/naturalpoland.com\\\/es\\\/#website\"},\"primaryImageOfPage\":{\"@id\":\"https:\\\/\\\/naturalpoland.com\\\/es\\\/artykuly\\\/productos-naturales\\\/aloe-vera-las-cronicas-verdes-de-africa\\\/#primaryimage\"},\"image\":{\"@id\":\"https:\\\/\\\/naturalpoland.com\\\/es\\\/artykuly\\\/productos-naturales\\\/aloe-vera-las-cronicas-verdes-de-africa\\\/#primaryimage\"},\"thumbnailUrl\":\"https:\\\/\\\/naturalpoland.com\\\/wp-content\\\/uploads\\\/aloe-vera-in-africa.jpg\",\"datePublished\":\"2024-09-16T12:57:19+00:00\",\"dateModified\":\"2024-09-16T12:57:20+00:00\",\"description\":\"Las vastas extensiones de \u00c1frica est\u00e1n llenas de historias, no solo de civilizaciones desaparecidas, sino tambi\u00e9n de plantas que han logrado sobrevivir el paso del tiempo.\",\"breadcrumb\":{\"@id\":\"https:\\\/\\\/naturalpoland.com\\\/es\\\/artykuly\\\/productos-naturales\\\/aloe-vera-las-cronicas-verdes-de-africa\\\/#breadcrumb\"},\"inLanguage\":\"es\",\"potentialAction\":[{\"@type\":\"ReadAction\",\"target\":[\"https:\\\/\\\/naturalpoland.com\\\/es\\\/artykuly\\\/productos-naturales\\\/aloe-vera-las-cronicas-verdes-de-africa\\\/\"]}]},{\"@type\":\"ImageObject\",\"inLanguage\":\"es\",\"@id\":\"https:\\\/\\\/naturalpoland.com\\\/es\\\/artykuly\\\/productos-naturales\\\/aloe-vera-las-cronicas-verdes-de-africa\\\/#primaryimage\",\"url\":\"https:\\\/\\\/naturalpoland.com\\\/wp-content\\\/uploads\\\/aloe-vera-in-africa.jpg\",\"contentUrl\":\"https:\\\/\\\/naturalpoland.com\\\/wp-content\\\/uploads\\\/aloe-vera-in-africa.jpg\",\"width\":1024,\"height\":610,\"caption\":\"aloe vera in Africa\"},{\"@type\":\"BreadcrumbList\",\"@id\":\"https:\\\/\\\/naturalpoland.com\\\/es\\\/artykuly\\\/productos-naturales\\\/aloe-vera-las-cronicas-verdes-de-africa\\\/#breadcrumb\",\"itemListElement\":[{\"@type\":\"ListItem\",\"position\":1,\"name\":\"Inicio\",\"item\":\"https:\\\/\\\/naturalpoland.com\\\/es\\\/\"},{\"@type\":\"ListItem\",\"position\":2,\"name\":\"Aloe Vera: Las Cr\u00f3nicas Verdes de \u00c1frica\"}]},{\"@type\":\"WebSite\",\"@id\":\"https:\\\/\\\/naturalpoland.com\\\/es\\\/#website\",\"url\":\"https:\\\/\\\/naturalpoland.com\\\/es\\\/\",\"name\":\"NATURAL POLAND - Distribuidor Mayorista de Materias Primas\",\"description\":\"Surowce dla przemys\u0142u spo\u017cywczego, kosmetycznego i farmaceutycznego\",\"publisher\":{\"@id\":\"https:\\\/\\\/naturalpoland.com\\\/es\\\/#organization\"},\"potentialAction\":[{\"@type\":\"SearchAction\",\"target\":{\"@type\":\"EntryPoint\",\"urlTemplate\":\"https:\\\/\\\/naturalpoland.com\\\/es\\\/?s={search_term_string}\"},\"query-input\":{\"@type\":\"PropertyValueSpecification\",\"valueRequired\":true,\"valueName\":\"search_term_string\"}}],\"inLanguage\":\"es\"},{\"@type\":\"Organization\",\"@id\":\"https:\\\/\\\/naturalpoland.com\\\/es\\\/#organization\",\"name\":\"Natural Poland\",\"url\":\"https:\\\/\\\/naturalpoland.com\\\/es\\\/\",\"logo\":{\"@type\":\"ImageObject\",\"inLanguage\":\"es\",\"@id\":\"https:\\\/\\\/naturalpoland.com\\\/es\\\/#\\\/schema\\\/logo\\\/image\\\/\",\"url\":\"https:\\\/\\\/naturalpoland.com\\\/wp-content\\\/uploads\\\/2021\\\/05\\\/natural-poland-icon.png\",\"contentUrl\":\"https:\\\/\\\/naturalpoland.com\\\/wp-content\\\/uploads\\\/2021\\\/05\\\/natural-poland-icon.png\",\"width\":512,\"height\":512,\"caption\":\"Natural Poland\"},\"image\":{\"@id\":\"https:\\\/\\\/naturalpoland.com\\\/es\\\/#\\\/schema\\\/logo\\\/image\\\/\"},\"sameAs\":[\"https:\\\/\\\/www.facebook.com\\\/naturalpoland.b2b\",\"https:\\\/\\\/pl.linkedin.com\\\/company\\\/natural-poland\",\"https:\\\/\\\/www.youtube.com\\\/channel\\\/UCgeGGkvOMahZo-xu_MSEWxg\"]},{\"@type\":\"Person\",\"@id\":\"https:\\\/\\\/naturalpoland.com\\\/es\\\/#\\\/schema\\\/person\\\/c6cec6a7a33486992efb6b4041a91f0a\",\"name\":\"Fiona Bulia\",\"image\":{\"@type\":\"ImageObject\",\"inLanguage\":\"es\",\"@id\":\"https:\\\/\\\/secure.gravatar.com\\\/avatar\\\/0ce6e6e48adf196a228aaaf3c0d5d995c5baf5e0eb91980bd5b54c0e3689d7c2?s=96&d=mm&r=g\",\"url\":\"https:\\\/\\\/secure.gravatar.com\\\/avatar\\\/0ce6e6e48adf196a228aaaf3c0d5d995c5baf5e0eb91980bd5b54c0e3689d7c2?s=96&d=mm&r=g\",\"contentUrl\":\"https:\\\/\\\/secure.gravatar.com\\\/avatar\\\/0ce6e6e48adf196a228aaaf3c0d5d995c5baf5e0eb91980bd5b54c0e3689d7c2?s=96&d=mm&r=g\",\"caption\":\"Fiona Bulia\"},\"description\":\"Fiona Bulia is a native of Africa and a passionate advocate for natural and sustainable beauty products. With over 9 years of experience in the cosmetics industry, Fiona has developed a deep understanding of the importance of ingredients and their impact on the skin, particularly with regards to African products. She is committed to helping people make informed choices about the products they use and is dedicated to promoting environmentally responsible practices.\",\"url\":\"https:\\\/\\\/naturalpoland.com\\\/es\\\/artykuly\\\/author\\\/fiona-bulia\\\/\"}]}<\/script>\n<!-- \/ Yoast SEO plugin. -->","yoast_head_json":{"title":"Aloe Vera: Las Cr\u00f3nicas Verdes de \u00c1frica","description":"Las vastas extensiones de \u00c1frica est\u00e1n llenas de historias, no solo de civilizaciones desaparecidas, sino tambi\u00e9n de plantas que han logrado sobrevivir el paso del tiempo.","robots":{"index":"index","follow":"follow","max-snippet":"max-snippet:-1","max-image-preview":"max-image-preview:large","max-video-preview":"max-video-preview:-1"},"canonical":"https:\/\/naturalpoland.com\/es\/artykuly\/productos-naturales\/aloe-vera-las-cronicas-verdes-de-africa\/","og_locale":"es_ES","og_type":"article","og_title":"Aloe Vera: Las Cr\u00f3nicas Verdes de \u00c1frica","og_description":"Las vastas extensiones de \u00c1frica est\u00e1n llenas de historias, no solo de civilizaciones desaparecidas, sino tambi\u00e9n de plantas que han logrado sobrevivir el paso del tiempo.","og_url":"https:\/\/naturalpoland.com\/es\/artykuly\/productos-naturales\/aloe-vera-las-cronicas-verdes-de-africa\/","og_site_name":"NATURAL POLAND - Distribuidor Mayorista de Materias Primas","article_publisher":"https:\/\/www.facebook.com\/naturalpoland.b2b","article_published_time":"2024-09-16T12:57:19+00:00","article_modified_time":"2024-09-16T12:57:20+00:00","og_image":[{"width":1024,"height":610,"url":"https:\/\/naturalpoland.com\/wp-content\/uploads\/aloe-vera-in-africa.jpg","type":"image\/jpeg"}],"author":"Fiona Bulia","schema":{"@context":"https:\/\/schema.org","@graph":[{"@type":"Article","@id":"https:\/\/naturalpoland.com\/es\/artykuly\/productos-naturales\/aloe-vera-las-cronicas-verdes-de-africa\/#article","isPartOf":{"@id":"https:\/\/naturalpoland.com\/es\/artykuly\/productos-naturales\/aloe-vera-las-cronicas-verdes-de-africa\/"},"author":{"name":"Fiona Bulia","@id":"https:\/\/naturalpoland.com\/es\/#\/schema\/person\/c6cec6a7a33486992efb6b4041a91f0a"},"headline":"Aloe Vera: Las Cr\u00f3nicas Verdes de \u00c1frica","datePublished":"2024-09-16T12:57:19+00:00","dateModified":"2024-09-16T12:57:20+00:00","mainEntityOfPage":{"@id":"https:\/\/naturalpoland.com\/es\/artykuly\/productos-naturales\/aloe-vera-las-cronicas-verdes-de-africa\/"},"wordCount":787,"publisher":{"@id":"https:\/\/naturalpoland.com\/es\/#organization"},"image":{"@id":"https:\/\/naturalpoland.com\/es\/artykuly\/productos-naturales\/aloe-vera-las-cronicas-verdes-de-africa\/#primaryimage"},"thumbnailUrl":"https:\/\/naturalpoland.com\/wp-content\/uploads\/aloe-vera-in-africa.jpg","articleSection":["Productos de \u00c1frica","Productos naturales"],"inLanguage":"es"},{"@type":"WebPage","@id":"https:\/\/naturalpoland.com\/es\/artykuly\/productos-naturales\/aloe-vera-las-cronicas-verdes-de-africa\/","url":"https:\/\/naturalpoland.com\/es\/artykuly\/productos-naturales\/aloe-vera-las-cronicas-verdes-de-africa\/","name":"Aloe Vera: Las Cr\u00f3nicas Verdes de \u00c1frica","isPartOf":{"@id":"https:\/\/naturalpoland.com\/es\/#website"},"primaryImageOfPage":{"@id":"https:\/\/naturalpoland.com\/es\/artykuly\/productos-naturales\/aloe-vera-las-cronicas-verdes-de-africa\/#primaryimage"},"image":{"@id":"https:\/\/naturalpoland.com\/es\/artykuly\/productos-naturales\/aloe-vera-las-cronicas-verdes-de-africa\/#primaryimage"},"thumbnailUrl":"https:\/\/naturalpoland.com\/wp-content\/uploads\/aloe-vera-in-africa.jpg","datePublished":"2024-09-16T12:57:19+00:00","dateModified":"2024-09-16T12:57:20+00:00","description":"Las vastas extensiones de \u00c1frica est\u00e1n llenas de historias, no solo de civilizaciones desaparecidas, sino tambi\u00e9n de plantas que han logrado sobrevivir el paso del tiempo.","breadcrumb":{"@id":"https:\/\/naturalpoland.com\/es\/artykuly\/productos-naturales\/aloe-vera-las-cronicas-verdes-de-africa\/#breadcrumb"},"inLanguage":"es","potentialAction":[{"@type":"ReadAction","target":["https:\/\/naturalpoland.com\/es\/artykuly\/productos-naturales\/aloe-vera-las-cronicas-verdes-de-africa\/"]}]},{"@type":"ImageObject","inLanguage":"es","@id":"https:\/\/naturalpoland.com\/es\/artykuly\/productos-naturales\/aloe-vera-las-cronicas-verdes-de-africa\/#primaryimage","url":"https:\/\/naturalpoland.com\/wp-content\/uploads\/aloe-vera-in-africa.jpg","contentUrl":"https:\/\/naturalpoland.com\/wp-content\/uploads\/aloe-vera-in-africa.jpg","width":1024,"height":610,"caption":"aloe vera in Africa"},{"@type":"BreadcrumbList","@id":"https:\/\/naturalpoland.com\/es\/artykuly\/productos-naturales\/aloe-vera-las-cronicas-verdes-de-africa\/#breadcrumb","itemListElement":[{"@type":"ListItem","position":1,"name":"Inicio","item":"https:\/\/naturalpoland.com\/es\/"},{"@type":"ListItem","position":2,"name":"Aloe Vera: Las Cr\u00f3nicas Verdes de \u00c1frica"}]},{"@type":"WebSite","@id":"https:\/\/naturalpoland.com\/es\/#website","url":"https:\/\/naturalpoland.com\/es\/","name":"NATURAL POLAND - Distribuidor Mayorista de Materias Primas","description":"Surowce dla przemys\u0142u spo\u017cywczego, kosmetycznego i farmaceutycznego","publisher":{"@id":"https:\/\/naturalpoland.com\/es\/#organization"},"potentialAction":[{"@type":"SearchAction","target":{"@type":"EntryPoint","urlTemplate":"https:\/\/naturalpoland.com\/es\/?s={search_term_string}"},"query-input":{"@type":"PropertyValueSpecification","valueRequired":true,"valueName":"search_term_string"}}],"inLanguage":"es"},{"@type":"Organization","@id":"https:\/\/naturalpoland.com\/es\/#organization","name":"Natural Poland","url":"https:\/\/naturalpoland.com\/es\/","logo":{"@type":"ImageObject","inLanguage":"es","@id":"https:\/\/naturalpoland.com\/es\/#\/schema\/logo\/image\/","url":"https:\/\/naturalpoland.com\/wp-content\/uploads\/2021\/05\/natural-poland-icon.png","contentUrl":"https:\/\/naturalpoland.com\/wp-content\/uploads\/2021\/05\/natural-poland-icon.png","width":512,"height":512,"caption":"Natural Poland"},"image":{"@id":"https:\/\/naturalpoland.com\/es\/#\/schema\/logo\/image\/"},"sameAs":["https:\/\/www.facebook.com\/naturalpoland.b2b","https:\/\/pl.linkedin.com\/company\/natural-poland","https:\/\/www.youtube.com\/channel\/UCgeGGkvOMahZo-xu_MSEWxg"]},{"@type":"Person","@id":"https:\/\/naturalpoland.com\/es\/#\/schema\/person\/c6cec6a7a33486992efb6b4041a91f0a","name":"Fiona Bulia","image":{"@type":"ImageObject","inLanguage":"es","@id":"https:\/\/secure.gravatar.com\/avatar\/0ce6e6e48adf196a228aaaf3c0d5d995c5baf5e0eb91980bd5b54c0e3689d7c2?s=96&d=mm&r=g","url":"https:\/\/secure.gravatar.com\/avatar\/0ce6e6e48adf196a228aaaf3c0d5d995c5baf5e0eb91980bd5b54c0e3689d7c2?s=96&d=mm&r=g","contentUrl":"https:\/\/secure.gravatar.com\/avatar\/0ce6e6e48adf196a228aaaf3c0d5d995c5baf5e0eb91980bd5b54c0e3689d7c2?s=96&d=mm&r=g","caption":"Fiona Bulia"},"description":"Fiona Bulia is a native of Africa and a passionate advocate for natural and sustainable beauty products. With over 9 years of experience in the cosmetics industry, Fiona has developed a deep understanding of the importance of ingredients and their impact on the skin, particularly with regards to African products. She is committed to helping people make informed choices about the products they use and is dedicated to promoting environmentally responsible practices.","url":"https:\/\/naturalpoland.com\/es\/artykuly\/author\/fiona-bulia\/"}]}},"_links":{"self":[{"href":"https:\/\/naturalpoland.com\/es\/wp-json\/wp\/v2\/posts\/35611","targetHints":{"allow":["GET"]}}],"collection":[{"href":"https:\/\/naturalpoland.com\/es\/wp-json\/wp\/v2\/posts"}],"about":[{"href":"https:\/\/naturalpoland.com\/es\/wp-json\/wp\/v2\/types\/post"}],"author":[{"embeddable":true,"href":"https:\/\/naturalpoland.com\/es\/wp-json\/wp\/v2\/users\/19"}],"replies":[{"embeddable":true,"href":"https:\/\/naturalpoland.com\/es\/wp-json\/wp\/v2\/comments?post=35611"}],"version-history":[{"count":0,"href":"https:\/\/naturalpoland.com\/es\/wp-json\/wp\/v2\/posts\/35611\/revisions"}],"wp:featuredmedia":[{"embeddable":true,"href":"https:\/\/naturalpoland.com\/es\/wp-json\/wp\/v2\/media\/25228"}],"wp:attachment":[{"href":"https:\/\/naturalpoland.com\/es\/wp-json\/wp\/v2\/media?parent=35611"}],"wp:term":[{"taxonomy":"category","embeddable":true,"href":"https:\/\/naturalpoland.com\/es\/wp-json\/wp\/v2\/categories?post=35611"},{"taxonomy":"post_tag","embeddable":true,"href":"https:\/\/naturalpoland.com\/es\/wp-json\/wp\/v2\/tags?post=35611"}],"curies":[{"name":"wp","href":"https:\/\/api.w.org\/{rel}","templated":true}]}}