{"id":29787,"date":"2024-01-19T12:58:34","date_gmt":"2024-01-19T11:58:34","guid":{"rendered":"https:\/\/naturalpoland.com\/artykuly\/produits-natuerls\/developpement-de-la-presence-internationale-de-la-marque-natural-poland\/"},"modified":"2024-01-19T12:58:42","modified_gmt":"2024-01-19T11:58:42","slug":"developpement-de-la-presence-internationale-de-la-marque-natural-poland","status":"publish","type":"post","link":"https:\/\/naturalpoland.com\/fr\/artykuly\/actualites\/developpement-de-la-presence-internationale-de-la-marque-natural-poland\/","title":{"rendered":"D\u00e9veloppement de la pr\u00e9sence internationale de la marque Natural Poland"},"content":{"rendered":"\n<p>Avec le num\u00e9ro de projet <strong>POIR.03.03.03-14-0225\/19<\/strong>, Natural Poland vise \u00e0 accro\u00eetre sa pr\u00e9sence et son influence sur les march\u00e9s mondiaux. Le projet, intitul\u00e9 \u00ab\u00a0Promotion de la marque NATURAL POLAND sur les march\u00e9s internationaux gr\u00e2ce \u00e0 la participation au programme de promotion de l&rsquo;industrie des sp\u00e9cialit\u00e9s alimentaires polonaises\u00a0\u00bb, vise \u00e0 am\u00e9liorer le profil de l&rsquo;entreprise et \u00e0 accro\u00eetre sa comp\u00e9titivit\u00e9 par le biais d&rsquo;activit\u00e9s mondiales.<\/p>\n\n<p>L&rsquo;objectif principal du projet est de renforcer la position de NATURAL POLAND dans le monde, ce qui sera r\u00e9alis\u00e9 gr\u00e2ce \u00e0 l&rsquo;intensification des activit\u00e9s de promotion. Gr\u00e2ce \u00e0 ces initiatives, l&rsquo;entreprise esp\u00e8re non seulement gagner de nouveaux partenaires commerciaux et clients pour ses produits, mais aussi renforcer sa pr\u00e9sence sur les march\u00e9s internationaux. L&rsquo;expansion outre-mer vise \u00e9galement \u00e0 accro\u00eetre les ventes et \u00e0 ouvrir de nouvelles voies de distribution. La r\u00e9alisation de ces objectifs contribuera \u00e0 promouvoir l&rsquo;industrie polonaise des sp\u00e9cialit\u00e9s alimentaires et \u00e0 renforcer l&rsquo;image de l&rsquo;\u00e9conomie polonaise.<\/p>\n\n<p>Le budget total du projet est de 332 600,00 PLN, dont 249 450,00 PLN de contribution des Fonds europ\u00e9ens.<\/p>\n","protected":false},"excerpt":{"rendered":"<p>Avec le num\u00e9ro de projet POIR.03.03.03-14-0225\/19, Natural Poland vise \u00e0 accro\u00eetre sa pr\u00e9sence et son influence sur les march\u00e9s mondiaux. Le projet, intitul\u00e9 \u00ab\u00a0Promotion de la marque NATURAL POLAND sur les march\u00e9s internationaux gr\u00e2ce \u00e0 la participation au programme de promotion de l&rsquo;industrie des sp\u00e9cialit\u00e9s alimentaires polonaises\u00a0\u00bb, vise \u00e0 am\u00e9liorer le profil de l&rsquo;entreprise et [&#8230;]\n","protected":false},"author":1,"featured_media":0,"comment_status":"closed","ping_status":"closed","sticky":false,"template":"","format":"standard","meta":{"_acf_changed":false,"footnotes":""},"categories":[2530],"tags":[],"class_list":["post-29787","post","type-post","status-publish","format-standard","hentry","category-actualites"],"acf":[],"yoast_head":"<!-- This site is optimized with the Yoast SEO plugin v27.5 - https:\/\/yoast.com\/product\/yoast-seo-wordpress\/ -->\n<title>D\u00e9veloppement de la pr\u00e9sence internationale de la marque Natural Poland<\/title>\n<meta name=\"robots\" content=\"index, follow, max-snippet:-1, max-image-preview:large, max-video-preview:-1\" \/>\n<link rel=\"canonical\" href=\"https:\/\/naturalpoland.com\/fr\/artykuly\/actualites\/developpement-de-la-presence-internationale-de-la-marque-natural-poland\/\" \/>\n<meta property=\"og:locale\" content=\"fr_FR\" \/>\n<meta property=\"og:type\" content=\"article\" \/>\n<meta property=\"og:title\" content=\"D\u00e9veloppement de la pr\u00e9sence internationale de la marque Natural Poland\" \/>\n<meta property=\"og:description\" content=\"Avec le num\u00e9ro de projet POIR.03.03.03-14-0225\/19, Natural Poland vise \u00e0 accro\u00eetre sa pr\u00e9sence et son influence sur les march\u00e9s mondiaux. Le projet, intitul\u00e9 \u00ab\u00a0Promotion de la marque NATURAL POLAND sur les march\u00e9s internationaux gr\u00e2ce \u00e0 la participation au programme de promotion de l&rsquo;industrie des sp\u00e9cialit\u00e9s alimentaires polonaises\u00a0\u00bb, vise \u00e0 am\u00e9liorer le profil de l&rsquo;entreprise et [...]\" \/>\n<meta property=\"og:url\" content=\"https:\/\/naturalpoland.com\/fr\/artykuly\/actualites\/developpement-de-la-presence-internationale-de-la-marque-natural-poland\/\" \/>\n<meta property=\"og:site_name\" content=\"NATURAL POLAND - Distributeur de mati\u00e8res premi\u00e8res en gros\" \/>\n<meta property=\"article:publisher\" content=\"https:\/\/www.facebook.com\/naturalpoland.b2b\" \/>\n<meta property=\"article:published_time\" content=\"2024-01-19T11:58:34+00:00\" \/>\n<meta property=\"article:modified_time\" content=\"2024-01-19T11:58:42+00:00\" \/>\n<meta property=\"og:image\" content=\"https:\/\/naturalpoland.com\/wp-content\/uploads\/2021\/05\/natural-poland-icon.png\" \/>\n\t<meta property=\"og:image:width\" content=\"512\" \/>\n\t<meta property=\"og:image:height\" content=\"512\" \/>\n\t<meta property=\"og:image:type\" content=\"image\/png\" \/>\n<meta name=\"author\" content=\"Natural Poland\" \/>\n<script type=\"application\/ld+json\" class=\"yoast-schema-graph\">{\"@context\":\"https:\\\/\\\/schema.org\",\"@graph\":[{\"@type\":\"Article\",\"@id\":\"https:\\\/\\\/naturalpoland.com\\\/fr\\\/artykuly\\\/actualites\\\/developpement-de-la-presence-internationale-de-la-marque-natural-poland\\\/#article\",\"isPartOf\":{\"@id\":\"https:\\\/\\\/naturalpoland.com\\\/fr\\\/artykuly\\\/actualites\\\/developpement-de-la-presence-internationale-de-la-marque-natural-poland\\\/\"},\"author\":{\"name\":\"Natural Poland\",\"@id\":\"https:\\\/\\\/naturalpoland.com\\\/fr\\\/#\\\/schema\\\/person\\\/7794a7285268a6d876e4864d85961180\"},\"headline\":\"D\u00e9veloppement de la pr\u00e9sence internationale de la marque Natural Poland\",\"datePublished\":\"2024-01-19T11:58:34+00:00\",\"dateModified\":\"2024-01-19T11:58:42+00:00\",\"mainEntityOfPage\":{\"@id\":\"https:\\\/\\\/naturalpoland.com\\\/fr\\\/artykuly\\\/actualites\\\/developpement-de-la-presence-internationale-de-la-marque-natural-poland\\\/\"},\"wordCount\":206,\"publisher\":{\"@id\":\"https:\\\/\\\/naturalpoland.com\\\/fr\\\/#organization\"},\"articleSection\":[\"Actualit\u00e9s\"],\"inLanguage\":\"fr-FR\"},{\"@type\":\"WebPage\",\"@id\":\"https:\\\/\\\/naturalpoland.com\\\/fr\\\/artykuly\\\/actualites\\\/developpement-de-la-presence-internationale-de-la-marque-natural-poland\\\/\",\"url\":\"https:\\\/\\\/naturalpoland.com\\\/fr\\\/artykuly\\\/actualites\\\/developpement-de-la-presence-internationale-de-la-marque-natural-poland\\\/\",\"name\":\"D\u00e9veloppement de la pr\u00e9sence internationale de la marque Natural Poland\",\"isPartOf\":{\"@id\":\"https:\\\/\\\/naturalpoland.com\\\/fr\\\/#website\"},\"datePublished\":\"2024-01-19T11:58:34+00:00\",\"dateModified\":\"2024-01-19T11:58:42+00:00\",\"breadcrumb\":{\"@id\":\"https:\\\/\\\/naturalpoland.com\\\/fr\\\/artykuly\\\/actualites\\\/developpement-de-la-presence-internationale-de-la-marque-natural-poland\\\/#breadcrumb\"},\"inLanguage\":\"fr-FR\",\"potentialAction\":[{\"@type\":\"ReadAction\",\"target\":[\"https:\\\/\\\/naturalpoland.com\\\/fr\\\/artykuly\\\/actualites\\\/developpement-de-la-presence-internationale-de-la-marque-natural-poland\\\/\"]}]},{\"@type\":\"BreadcrumbList\",\"@id\":\"https:\\\/\\\/naturalpoland.com\\\/fr\\\/artykuly\\\/actualites\\\/developpement-de-la-presence-internationale-de-la-marque-natural-poland\\\/#breadcrumb\",\"itemListElement\":[{\"@type\":\"ListItem\",\"position\":1,\"name\":\"Accueil\",\"item\":\"https:\\\/\\\/naturalpoland.com\\\/fr\\\/\"},{\"@type\":\"ListItem\",\"position\":2,\"name\":\"D\u00e9veloppement de la pr\u00e9sence internationale de la marque Natural Poland\"}]},{\"@type\":\"WebSite\",\"@id\":\"https:\\\/\\\/naturalpoland.com\\\/fr\\\/#website\",\"url\":\"https:\\\/\\\/naturalpoland.com\\\/fr\\\/\",\"name\":\"NATURAL POLAND - Distributeur de mati\u00e8res premi\u00e8res en gros\",\"description\":\"Surowce dla przemys\u0142u spo\u017cywczego, kosmetycznego i farmaceutycznego\",\"publisher\":{\"@id\":\"https:\\\/\\\/naturalpoland.com\\\/fr\\\/#organization\"},\"potentialAction\":[{\"@type\":\"SearchAction\",\"target\":{\"@type\":\"EntryPoint\",\"urlTemplate\":\"https:\\\/\\\/naturalpoland.com\\\/fr\\\/?s={search_term_string}\"},\"query-input\":{\"@type\":\"PropertyValueSpecification\",\"valueRequired\":true,\"valueName\":\"search_term_string\"}}],\"inLanguage\":\"fr-FR\"},{\"@type\":\"Organization\",\"@id\":\"https:\\\/\\\/naturalpoland.com\\\/fr\\\/#organization\",\"name\":\"Natural Poland\",\"url\":\"https:\\\/\\\/naturalpoland.com\\\/fr\\\/\",\"logo\":{\"@type\":\"ImageObject\",\"inLanguage\":\"fr-FR\",\"@id\":\"https:\\\/\\\/naturalpoland.com\\\/fr\\\/#\\\/schema\\\/logo\\\/image\\\/\",\"url\":\"https:\\\/\\\/naturalpoland.com\\\/wp-content\\\/uploads\\\/2021\\\/05\\\/natural-poland-icon.png\",\"contentUrl\":\"https:\\\/\\\/naturalpoland.com\\\/wp-content\\\/uploads\\\/2021\\\/05\\\/natural-poland-icon.png\",\"width\":512,\"height\":512,\"caption\":\"Natural Poland\"},\"image\":{\"@id\":\"https:\\\/\\\/naturalpoland.com\\\/fr\\\/#\\\/schema\\\/logo\\\/image\\\/\"},\"sameAs\":[\"https:\\\/\\\/www.facebook.com\\\/naturalpoland.b2b\",\"https:\\\/\\\/pl.linkedin.com\\\/company\\\/natural-poland\",\"https:\\\/\\\/www.youtube.com\\\/channel\\\/UCgeGGkvOMahZo-xu_MSEWxg\"]},{\"@type\":\"Person\",\"@id\":\"https:\\\/\\\/naturalpoland.com\\\/fr\\\/#\\\/schema\\\/person\\\/7794a7285268a6d876e4864d85961180\",\"name\":\"Natural Poland\",\"image\":{\"@type\":\"ImageObject\",\"inLanguage\":\"fr-FR\",\"@id\":\"https:\\\/\\\/secure.gravatar.com\\\/avatar\\\/ad30d340423af37e8cc5fcdbd7950b8f9fc8137f162fc37ccd6b4ae2b2e138da?s=96&d=mm&r=g\",\"url\":\"https:\\\/\\\/secure.gravatar.com\\\/avatar\\\/ad30d340423af37e8cc5fcdbd7950b8f9fc8137f162fc37ccd6b4ae2b2e138da?s=96&d=mm&r=g\",\"contentUrl\":\"https:\\\/\\\/secure.gravatar.com\\\/avatar\\\/ad30d340423af37e8cc5fcdbd7950b8f9fc8137f162fc37ccd6b4ae2b2e138da?s=96&d=mm&r=g\",\"caption\":\"Natural Poland\"},\"url\":\"https:\\\/\\\/naturalpoland.com\\\/fr\\\/artykuly\\\/author\\\/martas\\\/\"}]}<\/script>\n<!-- \/ Yoast SEO plugin. -->","yoast_head_json":{"title":"D\u00e9veloppement de la pr\u00e9sence internationale de la marque Natural Poland","robots":{"index":"index","follow":"follow","max-snippet":"max-snippet:-1","max-image-preview":"max-image-preview:large","max-video-preview":"max-video-preview:-1"},"canonical":"https:\/\/naturalpoland.com\/fr\/artykuly\/actualites\/developpement-de-la-presence-internationale-de-la-marque-natural-poland\/","og_locale":"fr_FR","og_type":"article","og_title":"D\u00e9veloppement de la pr\u00e9sence internationale de la marque Natural Poland","og_description":"Avec le num\u00e9ro de projet POIR.03.03.03-14-0225\/19, Natural Poland vise \u00e0 accro\u00eetre sa pr\u00e9sence et son influence sur les march\u00e9s mondiaux. Le projet, intitul\u00e9 \u00ab\u00a0Promotion de la marque NATURAL POLAND sur les march\u00e9s internationaux gr\u00e2ce \u00e0 la participation au programme de promotion de l&rsquo;industrie des sp\u00e9cialit\u00e9s alimentaires polonaises\u00a0\u00bb, vise \u00e0 am\u00e9liorer le profil de l&rsquo;entreprise et [...]","og_url":"https:\/\/naturalpoland.com\/fr\/artykuly\/actualites\/developpement-de-la-presence-internationale-de-la-marque-natural-poland\/","og_site_name":"NATURAL POLAND - Distributeur de mati\u00e8res premi\u00e8res en gros","article_publisher":"https:\/\/www.facebook.com\/naturalpoland.b2b","article_published_time":"2024-01-19T11:58:34+00:00","article_modified_time":"2024-01-19T11:58:42+00:00","og_image":[{"width":512,"height":512,"url":"https:\/\/naturalpoland.com\/wp-content\/uploads\/2021\/05\/natural-poland-icon.png","type":"image\/png"}],"author":"Natural Poland","schema":{"@context":"https:\/\/schema.org","@graph":[{"@type":"Article","@id":"https:\/\/naturalpoland.com\/fr\/artykuly\/actualites\/developpement-de-la-presence-internationale-de-la-marque-natural-poland\/#article","isPartOf":{"@id":"https:\/\/naturalpoland.com\/fr\/artykuly\/actualites\/developpement-de-la-presence-internationale-de-la-marque-natural-poland\/"},"author":{"name":"Natural Poland","@id":"https:\/\/naturalpoland.com\/fr\/#\/schema\/person\/7794a7285268a6d876e4864d85961180"},"headline":"D\u00e9veloppement de la pr\u00e9sence internationale de la marque Natural Poland","datePublished":"2024-01-19T11:58:34+00:00","dateModified":"2024-01-19T11:58:42+00:00","mainEntityOfPage":{"@id":"https:\/\/naturalpoland.com\/fr\/artykuly\/actualites\/developpement-de-la-presence-internationale-de-la-marque-natural-poland\/"},"wordCount":206,"publisher":{"@id":"https:\/\/naturalpoland.com\/fr\/#organization"},"articleSection":["Actualit\u00e9s"],"inLanguage":"fr-FR"},{"@type":"WebPage","@id":"https:\/\/naturalpoland.com\/fr\/artykuly\/actualites\/developpement-de-la-presence-internationale-de-la-marque-natural-poland\/","url":"https:\/\/naturalpoland.com\/fr\/artykuly\/actualites\/developpement-de-la-presence-internationale-de-la-marque-natural-poland\/","name":"D\u00e9veloppement de la pr\u00e9sence internationale de la marque Natural Poland","isPartOf":{"@id":"https:\/\/naturalpoland.com\/fr\/#website"},"datePublished":"2024-01-19T11:58:34+00:00","dateModified":"2024-01-19T11:58:42+00:00","breadcrumb":{"@id":"https:\/\/naturalpoland.com\/fr\/artykuly\/actualites\/developpement-de-la-presence-internationale-de-la-marque-natural-poland\/#breadcrumb"},"inLanguage":"fr-FR","potentialAction":[{"@type":"ReadAction","target":["https:\/\/naturalpoland.com\/fr\/artykuly\/actualites\/developpement-de-la-presence-internationale-de-la-marque-natural-poland\/"]}]},{"@type":"BreadcrumbList","@id":"https:\/\/naturalpoland.com\/fr\/artykuly\/actualites\/developpement-de-la-presence-internationale-de-la-marque-natural-poland\/#breadcrumb","itemListElement":[{"@type":"ListItem","position":1,"name":"Accueil","item":"https:\/\/naturalpoland.com\/fr\/"},{"@type":"ListItem","position":2,"name":"D\u00e9veloppement de la pr\u00e9sence internationale de la marque Natural Poland"}]},{"@type":"WebSite","@id":"https:\/\/naturalpoland.com\/fr\/#website","url":"https:\/\/naturalpoland.com\/fr\/","name":"NATURAL POLAND - Distributeur de mati\u00e8res premi\u00e8res en gros","description":"Surowce dla przemys\u0142u spo\u017cywczego, kosmetycznego i farmaceutycznego","publisher":{"@id":"https:\/\/naturalpoland.com\/fr\/#organization"},"potentialAction":[{"@type":"SearchAction","target":{"@type":"EntryPoint","urlTemplate":"https:\/\/naturalpoland.com\/fr\/?s={search_term_string}"},"query-input":{"@type":"PropertyValueSpecification","valueRequired":true,"valueName":"search_term_string"}}],"inLanguage":"fr-FR"},{"@type":"Organization","@id":"https:\/\/naturalpoland.com\/fr\/#organization","name":"Natural Poland","url":"https:\/\/naturalpoland.com\/fr\/","logo":{"@type":"ImageObject","inLanguage":"fr-FR","@id":"https:\/\/naturalpoland.com\/fr\/#\/schema\/logo\/image\/","url":"https:\/\/naturalpoland.com\/wp-content\/uploads\/2021\/05\/natural-poland-icon.png","contentUrl":"https:\/\/naturalpoland.com\/wp-content\/uploads\/2021\/05\/natural-poland-icon.png","width":512,"height":512,"caption":"Natural Poland"},"image":{"@id":"https:\/\/naturalpoland.com\/fr\/#\/schema\/logo\/image\/"},"sameAs":["https:\/\/www.facebook.com\/naturalpoland.b2b","https:\/\/pl.linkedin.com\/company\/natural-poland","https:\/\/www.youtube.com\/channel\/UCgeGGkvOMahZo-xu_MSEWxg"]},{"@type":"Person","@id":"https:\/\/naturalpoland.com\/fr\/#\/schema\/person\/7794a7285268a6d876e4864d85961180","name":"Natural Poland","image":{"@type":"ImageObject","inLanguage":"fr-FR","@id":"https:\/\/secure.gravatar.com\/avatar\/ad30d340423af37e8cc5fcdbd7950b8f9fc8137f162fc37ccd6b4ae2b2e138da?s=96&d=mm&r=g","url":"https:\/\/secure.gravatar.com\/avatar\/ad30d340423af37e8cc5fcdbd7950b8f9fc8137f162fc37ccd6b4ae2b2e138da?s=96&d=mm&r=g","contentUrl":"https:\/\/secure.gravatar.com\/avatar\/ad30d340423af37e8cc5fcdbd7950b8f9fc8137f162fc37ccd6b4ae2b2e138da?s=96&d=mm&r=g","caption":"Natural Poland"},"url":"https:\/\/naturalpoland.com\/fr\/artykuly\/author\/martas\/"}]}},"_links":{"self":[{"href":"https:\/\/naturalpoland.com\/fr\/wp-json\/wp\/v2\/posts\/29787","targetHints":{"allow":["GET"]}}],"collection":[{"href":"https:\/\/naturalpoland.com\/fr\/wp-json\/wp\/v2\/posts"}],"about":[{"href":"https:\/\/naturalpoland.com\/fr\/wp-json\/wp\/v2\/types\/post"}],"author":[{"embeddable":true,"href":"https:\/\/naturalpoland.com\/fr\/wp-json\/wp\/v2\/users\/1"}],"replies":[{"embeddable":true,"href":"https:\/\/naturalpoland.com\/fr\/wp-json\/wp\/v2\/comments?post=29787"}],"version-history":[{"count":0,"href":"https:\/\/naturalpoland.com\/fr\/wp-json\/wp\/v2\/posts\/29787\/revisions"}],"wp:attachment":[{"href":"https:\/\/naturalpoland.com\/fr\/wp-json\/wp\/v2\/media?parent=29787"}],"wp:term":[{"taxonomy":"category","embeddable":true,"href":"https:\/\/naturalpoland.com\/fr\/wp-json\/wp\/v2\/categories?post=29787"},{"taxonomy":"post_tag","embeddable":true,"href":"https:\/\/naturalpoland.com\/fr\/wp-json\/wp\/v2\/tags?post=29787"}],"curies":[{"name":"wp","href":"https:\/\/api.w.org\/{rel}","templated":true}]}}