{"id":35617,"date":"2024-09-16T15:15:57","date_gmt":"2024-09-16T13:15:57","guid":{"rendered":"https:\/\/naturalpoland.com\/artykuly\/produits-natuerls\/aloe-vera-les-chroniques-vertes-de-l-afrique\/"},"modified":"2024-09-16T15:15:58","modified_gmt":"2024-09-16T13:15:58","slug":"aloe-vera-les-chroniques-vertes-de-l-afrique","status":"publish","type":"post","link":"https:\/\/naturalpoland.com\/fr\/artykuly\/produits-natuerls\/aloe-vera-les-chroniques-vertes-de-l-afrique\/","title":{"rendered":"Aloe Vera: Les chroniques vertes de l&rsquo;Afrique"},"content":{"rendered":"\n<p>Les immenses \u00e9tendues de l&rsquo;Afrique regorgent d&rsquo;histoires de plantes qui ont surv\u00e9cu au passage du temps, ainsi que de civilisations disparues. Ces r\u00e9cits se retrouvent aussi bien dans la v\u00e9g\u00e9tation que dans les animaux. Les <strong>plantes d&rsquo;Aloe vera<\/strong> sont capables de r\u00e9sister et de maintenir leur d\u00e9termination in\u00e9branlable, malgr\u00e9 les conditions difficiles de leur habitat, qui comprend des dunes dor\u00e9es et une lumi\u00e8re solaire \u00e9clatante. L&rsquo;ing\u00e9niosit\u00e9 de la nature est d\u00e9montr\u00e9e par leur capacit\u00e9 \u00e0 s&rsquo;\u00e9panouir dans des endroits qui effraieraient la majorit\u00e9 des individus. Cette capacit\u00e9 illustre la grandeur de la nature.    <\/p>\n\n<h2 class=\"wp-block-heading\"><strong>L&rsquo;alchimie au c\u0153ur de l&rsquo;Afrique<\/strong><\/h2>\n\n<p>L&rsquo;<strong>aloe vera<\/strong> occupe une place de choix dans les villages anim\u00e9s, o\u00f9 l&rsquo;ar\u00f4me des feux de cuisson et les rythmes des percussions se m\u00ealent aux traditions ancestrales. L&rsquo;aloe vera, qui est utilis\u00e9 dans de nombreuses applications, est \u00e9galement cultiv\u00e9 dans ces villages. La consistance du gel est comparable \u00e0 celle de l&rsquo;or liquide. Les Indiens ont su exploiter le pouvoir de l&rsquo;alo\u00e8s depuis la nuit des temps gr\u00e2ce \u00e0 leur sagesse inh\u00e9rente. Les propri\u00e9t\u00e9s curatives de l&rsquo;aloe vera sont combin\u00e9es \u00e0 celles d&rsquo;autres herbes puissantes pour cr\u00e9er des \u00e9lixirs qui offrent \u00e0 leurs utilisateurs un potentiel de vitalit\u00e9 et de vigueur accrues.    <\/p>\n\n<div style=\"height:30px\" aria-hidden=\"true\" class=\"wp-block-spacer\"><\/div>\n<div data-block-name=\"woocommerce\/featured-product\" data-edit-mode=\"false\" data-image-fit=\"cover\" data-product-id=\"11392\" data-show-price=\"false\" class=\"wc-block-featured-product alignnone has-background-dim wp-block-woocommerce-featured-product\" style=\"min-height:500px;\"><div class=\"wc-block-featured-product__wrapper\"><div class=\"background-dim__overlay\" style=\"background-color: #000000\"><\/div><img decoding=\"async\" alt=\"Beurre d&#039;alo\u00e8s\" class=\"wc-block-featured-product__background-image\" src=\"https:\/\/naturalpoland.com\/wp-content\/uploads\/aloe-vera-butter.jpg\" style=\"object-fit: cover;object-position: 50% 50%;\" \/><h2 class=\"wc-block-featured-product__title\">Beurre d&rsquo;alo\u00e8s<\/h2><div class=\"wc-block-featured-product__description\"><p>Le beurre d&rsquo;aloe vera est fabriqu\u00e9 \u00e0 partir d&rsquo;une combinaison de jus d&rsquo;aloe vera et d&rsquo;huile de noix de coco. Gr\u00e2ce \u00e0 cela, il a les avantages de ces deux produits. C&rsquo;est une riche source de triglyc\u00e9rides, de polysaccharides, de flavono\u00efdes, de vitamines et d&rsquo;acides hydroxyles. Un tel beurre apaise et hydrate parfaitement la peau et les cheveux.<\/p>\n<\/div><div class=\"wc-block-featured-product__inner-blocks\">\n\n<div class=\"wp-block-buttons is-content-justification-center is-layout-flex wp-container-core-buttons-is-layout-16018d1d wp-block-buttons-is-layout-flex\">\n<div class=\"wp-block-button\"><a class=\"wp-block-button__link wp-element-button\" href=\"https:\/\/naturalpoland.com\/fr\/produkty\/produits-pour-lindustrie-cosmetique\/beurres-cosmetiques\/beurre-aloes\/\">Kup teraz<\/a><\/div>\n<\/div>\n\n<\/div><\/div><\/div>\n<div style=\"height:40px\" aria-hidden=\"true\" class=\"wp-block-spacer\"><\/div>\n\n<h2 class=\"wp-block-heading\"><strong>Les gardiens de l&rsquo;hydratation : La fonction de l&rsquo;alo\u00e8s dans la nutrition<\/strong><\/h2>\n\n<p>Les vastes savanes, qui se caract\u00e9risent par des teintes orange et jaunes, peuvent donner l&rsquo;impression qu&rsquo;il n&rsquo;y a pas d&rsquo;humidit\u00e9. Cela est d\u00fb au fait que les couleurs sont tr\u00e8s contrast\u00e9es. En revanche, l&rsquo;aloe vera est un exemple \u00e9clatant d&rsquo;hydratation appropri\u00e9e. Pendant une longue p\u00e9riode, les tribus indig\u00e8nes ont utilis\u00e9 cette plante extraordinaire par voie topique et en ont largement d\u00e9pendu comme source d&rsquo;eau. Il ne s&rsquo;agit pas seulement de satisfaire l&rsquo;app\u00e9tit, mais aussi de garantir la survie.    <\/p>\n\n<h2 class=\"wp-block-heading\"><strong>Echos des terres ancestrales : L&rsquo;alo\u00e8s dans les c\u00e9r\u00e9monies<\/strong><\/h2>\n\n<p>Les c\u00e9r\u00e9monies des tribus se distinguent par une profonde ferveur religieuse, et l&rsquo;aloe vera y est souvent incorpor\u00e9 comme un \u00e9l\u00e9ment inali\u00e9nable. Les rituels peuvent commencer lorsque les premiers rayons de lumi\u00e8re effleurent l&rsquo;horizon et que l&rsquo;aube se l\u00e8ve. Cela signifie le d\u00e9but de la journ\u00e9e. Les artistes d\u00e9montrent leur respect pour l&rsquo;environnement et les individus qui les ont pr\u00e9c\u00e9d\u00e9s en appliquant de l&rsquo;alo\u00e8s sur leur corps apr\u00e8s l&rsquo;avoir combin\u00e9 avec une vari\u00e9t\u00e9 de teintures vibrantes. Il ne s&rsquo;agit pas de simples incidents, mais plut\u00f4t de passerelles vers le plan \u00e9th\u00e9r\u00e9 de l&rsquo;existence.    <\/p>\n\n<h2 class=\"wp-block-heading\"><strong>Les Aliz\u00e9s et la piste des alo\u00e8s<\/strong><\/h2>\n\n<p>L&rsquo;aloe vera est souvent \u00e9chang\u00e9 contre d&rsquo;autres produits, puis vendu en Afrique en raison du terrain difficile sur lequel les marchands doivent naviguer. Il s&rsquo;agit sans aucun doute d&rsquo;une marchandise, mais elle sert \u00e9galement de lien entre diverses tribus, ce qui favorise l&rsquo;harmonie et renforce leurs relations. Selon certaines sources, les r\u00e9cits <strong>des propri\u00e9t\u00e9s miraculeuses de l&rsquo;alo\u00e8s<\/strong> r\u00e9sonnent sur les march\u00e9s de Casablanca \u00e0 Cape Town, attirant des marchands de toutes les r\u00e9gions.  <\/p>\n\n<h2 class=\"wp-block-heading\"><strong>La r\u00e9surgence de l&rsquo;\u00e9cologie dans les temps modernes<\/strong><\/h2>\n\n<p>Il semble que le vent soit sur le point de tourner. En raison du r\u00e9cent regain d&rsquo;int\u00e9r\u00eat pour les produits et m\u00e9thodes naturels et respectueux de l&rsquo;environnement, l&rsquo;aloe vera, dont les origines remontent \u00e0 l&rsquo;Afrique, a connu un r\u00e9cent regain de popularit\u00e9. Actuellement, les Chroniques de l&rsquo;alo\u00e8s sont en train de d\u00e9velopper une nouvelle entr\u00e9e et les unit\u00e9s de production commencent \u00e0 prendre forme. En outre, des fonds sont allou\u00e9s \u00e0 la recherche. Il s&rsquo;agit d&rsquo;un r\u00e9cit qui explore les opportunit\u00e9s illimit\u00e9es qui nous attendent, ainsi que le d\u00e9veloppement personnel et l&rsquo;optimisme.   <\/p>\n\n<h2 class=\"wp-block-heading\"><strong>L&rsquo;h\u00e9ritage et la voie \u00e0 suivre<\/strong><\/h2>\n\n<p>L&rsquo;aloe vera projette une ombre immense qui s&rsquo;\u00e9tend dans toutes les directions, englobant non seulement les paysages arides mais aussi le tissu culturel complexe de l&rsquo;Afrique. Cette ombre est \u00e9tendue. Sa g\u00e9latine est remplie de r\u00e9cits de la lutte quotidienne pour la survie, de rituels, de commerce et de batailles. Il ne s&rsquo;agit pas seulement de botanique, mais de la forme la plus \u00e9l\u00e9mentaire de l&rsquo;histoire. La botanique est l&rsquo;\u00e9tude de la v\u00e9g\u00e9tation. Il n&rsquo;y a gu\u00e8re de raison de douter que la plante Aloe Vera continuera \u00e0 jouer un r\u00f4le important dans l&rsquo;interconnexion de la vie quotidienne, de la culture et de l&rsquo;\u00e9conomie dans toute l&rsquo;Afrique au fur et \u00e0 mesure que le temps passe.     <\/p>\n","protected":false},"excerpt":{"rendered":"<p>Les immenses \u00e9tendues de l&rsquo;Afrique regorgent d&rsquo;histoires de plantes qui ont surv\u00e9cu au passage du temps, ainsi que de civilisations disparues. <\/p>\n","protected":false},"author":19,"featured_media":25223,"comment_status":"closed","ping_status":"closed","sticky":false,"template":"","format":"standard","meta":{"_acf_changed":false,"footnotes":""},"categories":[2237,1809],"tags":[],"class_list":["post-35617","post","type-post","status-publish","format-standard","has-post-thumbnail","hentry","category-produits-dafrique","category-produits-natuerls"],"acf":[],"yoast_head":"<!-- This site is optimized with the Yoast SEO plugin v27.5 - https:\/\/yoast.com\/product\/yoast-seo-wordpress\/ -->\n<title>Aloe Vera: Les chroniques vertes de l&#039;Afrique<\/title>\n<meta name=\"description\" content=\"Les immenses \u00e9tendues de l&#039;Afrique regorgent d&#039;histoires de plantes qui ont surv\u00e9cu au passage du temps, ainsi que de civilisations disparues.\" \/>\n<meta name=\"robots\" content=\"index, follow, max-snippet:-1, max-image-preview:large, max-video-preview:-1\" \/>\n<link rel=\"canonical\" href=\"https:\/\/naturalpoland.com\/fr\/artykuly\/produits-natuerls\/aloe-vera-les-chroniques-vertes-de-l-afrique\/\" \/>\n<meta property=\"og:locale\" content=\"fr_FR\" \/>\n<meta property=\"og:type\" content=\"article\" \/>\n<meta property=\"og:title\" content=\"Aloe Vera: Les chroniques vertes de l&#039;Afrique\" \/>\n<meta property=\"og:description\" content=\"Les immenses \u00e9tendues de l&#039;Afrique regorgent d&#039;histoires de plantes qui ont surv\u00e9cu au passage du temps, ainsi que de civilisations disparues.\" \/>\n<meta property=\"og:url\" content=\"https:\/\/naturalpoland.com\/fr\/artykuly\/produits-natuerls\/aloe-vera-les-chroniques-vertes-de-l-afrique\/\" \/>\n<meta property=\"og:site_name\" content=\"NATURAL POLAND - Distributeur de mati\u00e8res premi\u00e8res en gros\" \/>\n<meta property=\"article:publisher\" content=\"https:\/\/www.facebook.com\/naturalpoland.b2b\" \/>\n<meta property=\"article:published_time\" content=\"2024-09-16T13:15:57+00:00\" \/>\n<meta property=\"article:modified_time\" content=\"2024-09-16T13:15:58+00:00\" \/>\n<meta property=\"og:image\" content=\"https:\/\/naturalpoland.com\/wp-content\/uploads\/aloe-vera-in-africa.jpg\" \/>\n\t<meta property=\"og:image:width\" content=\"1024\" \/>\n\t<meta property=\"og:image:height\" content=\"610\" \/>\n\t<meta property=\"og:image:type\" content=\"image\/jpeg\" \/>\n<meta name=\"author\" content=\"Fiona Bulia\" \/>\n<script type=\"application\/ld+json\" class=\"yoast-schema-graph\">{\"@context\":\"https:\\\/\\\/schema.org\",\"@graph\":[{\"@type\":\"Article\",\"@id\":\"https:\\\/\\\/naturalpoland.com\\\/fr\\\/artykuly\\\/produits-natuerls\\\/aloe-vera-les-chroniques-vertes-de-l-afrique\\\/#article\",\"isPartOf\":{\"@id\":\"https:\\\/\\\/naturalpoland.com\\\/fr\\\/artykuly\\\/produits-natuerls\\\/aloe-vera-les-chroniques-vertes-de-l-afrique\\\/\"},\"author\":{\"name\":\"Fiona Bulia\",\"@id\":\"https:\\\/\\\/naturalpoland.com\\\/fr\\\/#\\\/schema\\\/person\\\/c6cec6a7a33486992efb6b4041a91f0a\"},\"headline\":\"Aloe Vera: Les chroniques vertes de l&rsquo;Afrique\",\"datePublished\":\"2024-09-16T13:15:57+00:00\",\"dateModified\":\"2024-09-16T13:15:58+00:00\",\"mainEntityOfPage\":{\"@id\":\"https:\\\/\\\/naturalpoland.com\\\/fr\\\/artykuly\\\/produits-natuerls\\\/aloe-vera-les-chroniques-vertes-de-l-afrique\\\/\"},\"wordCount\":834,\"publisher\":{\"@id\":\"https:\\\/\\\/naturalpoland.com\\\/fr\\\/#organization\"},\"image\":{\"@id\":\"https:\\\/\\\/naturalpoland.com\\\/fr\\\/artykuly\\\/produits-natuerls\\\/aloe-vera-les-chroniques-vertes-de-l-afrique\\\/#primaryimage\"},\"thumbnailUrl\":\"https:\\\/\\\/naturalpoland.com\\\/wp-content\\\/uploads\\\/aloe-vera-in-africa.jpg\",\"articleSection\":[\"Produits d'Afrique\",\"Produits naturels\"],\"inLanguage\":\"fr-FR\"},{\"@type\":\"WebPage\",\"@id\":\"https:\\\/\\\/naturalpoland.com\\\/fr\\\/artykuly\\\/produits-natuerls\\\/aloe-vera-les-chroniques-vertes-de-l-afrique\\\/\",\"url\":\"https:\\\/\\\/naturalpoland.com\\\/fr\\\/artykuly\\\/produits-natuerls\\\/aloe-vera-les-chroniques-vertes-de-l-afrique\\\/\",\"name\":\"Aloe Vera: Les chroniques vertes de l'Afrique\",\"isPartOf\":{\"@id\":\"https:\\\/\\\/naturalpoland.com\\\/fr\\\/#website\"},\"primaryImageOfPage\":{\"@id\":\"https:\\\/\\\/naturalpoland.com\\\/fr\\\/artykuly\\\/produits-natuerls\\\/aloe-vera-les-chroniques-vertes-de-l-afrique\\\/#primaryimage\"},\"image\":{\"@id\":\"https:\\\/\\\/naturalpoland.com\\\/fr\\\/artykuly\\\/produits-natuerls\\\/aloe-vera-les-chroniques-vertes-de-l-afrique\\\/#primaryimage\"},\"thumbnailUrl\":\"https:\\\/\\\/naturalpoland.com\\\/wp-content\\\/uploads\\\/aloe-vera-in-africa.jpg\",\"datePublished\":\"2024-09-16T13:15:57+00:00\",\"dateModified\":\"2024-09-16T13:15:58+00:00\",\"description\":\"Les immenses \u00e9tendues de l'Afrique regorgent d'histoires de plantes qui ont surv\u00e9cu au passage du temps, ainsi que de civilisations disparues.\",\"breadcrumb\":{\"@id\":\"https:\\\/\\\/naturalpoland.com\\\/fr\\\/artykuly\\\/produits-natuerls\\\/aloe-vera-les-chroniques-vertes-de-l-afrique\\\/#breadcrumb\"},\"inLanguage\":\"fr-FR\",\"potentialAction\":[{\"@type\":\"ReadAction\",\"target\":[\"https:\\\/\\\/naturalpoland.com\\\/fr\\\/artykuly\\\/produits-natuerls\\\/aloe-vera-les-chroniques-vertes-de-l-afrique\\\/\"]}]},{\"@type\":\"ImageObject\",\"inLanguage\":\"fr-FR\",\"@id\":\"https:\\\/\\\/naturalpoland.com\\\/fr\\\/artykuly\\\/produits-natuerls\\\/aloe-vera-les-chroniques-vertes-de-l-afrique\\\/#primaryimage\",\"url\":\"https:\\\/\\\/naturalpoland.com\\\/wp-content\\\/uploads\\\/aloe-vera-in-africa.jpg\",\"contentUrl\":\"https:\\\/\\\/naturalpoland.com\\\/wp-content\\\/uploads\\\/aloe-vera-in-africa.jpg\",\"width\":1024,\"height\":610,\"caption\":\"aloe vera in Africa\"},{\"@type\":\"BreadcrumbList\",\"@id\":\"https:\\\/\\\/naturalpoland.com\\\/fr\\\/artykuly\\\/produits-natuerls\\\/aloe-vera-les-chroniques-vertes-de-l-afrique\\\/#breadcrumb\",\"itemListElement\":[{\"@type\":\"ListItem\",\"position\":1,\"name\":\"Accueil\",\"item\":\"https:\\\/\\\/naturalpoland.com\\\/fr\\\/\"},{\"@type\":\"ListItem\",\"position\":2,\"name\":\"Aloe Vera: Les chroniques vertes de l&rsquo;Afrique\"}]},{\"@type\":\"WebSite\",\"@id\":\"https:\\\/\\\/naturalpoland.com\\\/fr\\\/#website\",\"url\":\"https:\\\/\\\/naturalpoland.com\\\/fr\\\/\",\"name\":\"NATURAL POLAND - Distributeur de mati\u00e8res premi\u00e8res en gros\",\"description\":\"Surowce dla przemys\u0142u spo\u017cywczego, kosmetycznego i farmaceutycznego\",\"publisher\":{\"@id\":\"https:\\\/\\\/naturalpoland.com\\\/fr\\\/#organization\"},\"potentialAction\":[{\"@type\":\"SearchAction\",\"target\":{\"@type\":\"EntryPoint\",\"urlTemplate\":\"https:\\\/\\\/naturalpoland.com\\\/fr\\\/?s={search_term_string}\"},\"query-input\":{\"@type\":\"PropertyValueSpecification\",\"valueRequired\":true,\"valueName\":\"search_term_string\"}}],\"inLanguage\":\"fr-FR\"},{\"@type\":\"Organization\",\"@id\":\"https:\\\/\\\/naturalpoland.com\\\/fr\\\/#organization\",\"name\":\"Natural Poland\",\"url\":\"https:\\\/\\\/naturalpoland.com\\\/fr\\\/\",\"logo\":{\"@type\":\"ImageObject\",\"inLanguage\":\"fr-FR\",\"@id\":\"https:\\\/\\\/naturalpoland.com\\\/fr\\\/#\\\/schema\\\/logo\\\/image\\\/\",\"url\":\"https:\\\/\\\/naturalpoland.com\\\/wp-content\\\/uploads\\\/2021\\\/05\\\/natural-poland-icon.png\",\"contentUrl\":\"https:\\\/\\\/naturalpoland.com\\\/wp-content\\\/uploads\\\/2021\\\/05\\\/natural-poland-icon.png\",\"width\":512,\"height\":512,\"caption\":\"Natural Poland\"},\"image\":{\"@id\":\"https:\\\/\\\/naturalpoland.com\\\/fr\\\/#\\\/schema\\\/logo\\\/image\\\/\"},\"sameAs\":[\"https:\\\/\\\/www.facebook.com\\\/naturalpoland.b2b\",\"https:\\\/\\\/pl.linkedin.com\\\/company\\\/natural-poland\",\"https:\\\/\\\/www.youtube.com\\\/channel\\\/UCgeGGkvOMahZo-xu_MSEWxg\"]},{\"@type\":\"Person\",\"@id\":\"https:\\\/\\\/naturalpoland.com\\\/fr\\\/#\\\/schema\\\/person\\\/c6cec6a7a33486992efb6b4041a91f0a\",\"name\":\"Fiona Bulia\",\"image\":{\"@type\":\"ImageObject\",\"inLanguage\":\"fr-FR\",\"@id\":\"https:\\\/\\\/secure.gravatar.com\\\/avatar\\\/0ce6e6e48adf196a228aaaf3c0d5d995c5baf5e0eb91980bd5b54c0e3689d7c2?s=96&d=mm&r=g\",\"url\":\"https:\\\/\\\/secure.gravatar.com\\\/avatar\\\/0ce6e6e48adf196a228aaaf3c0d5d995c5baf5e0eb91980bd5b54c0e3689d7c2?s=96&d=mm&r=g\",\"contentUrl\":\"https:\\\/\\\/secure.gravatar.com\\\/avatar\\\/0ce6e6e48adf196a228aaaf3c0d5d995c5baf5e0eb91980bd5b54c0e3689d7c2?s=96&d=mm&r=g\",\"caption\":\"Fiona Bulia\"},\"description\":\"Fiona Bulia is a native of Africa and a passionate advocate for natural and sustainable beauty products. With over 9 years of experience in the cosmetics industry, Fiona has developed a deep understanding of the importance of ingredients and their impact on the skin, particularly with regards to African products. She is committed to helping people make informed choices about the products they use and is dedicated to promoting environmentally responsible practices.\",\"url\":\"https:\\\/\\\/naturalpoland.com\\\/fr\\\/artykuly\\\/author\\\/fiona-bulia\\\/\"}]}<\/script>\n<!-- \/ Yoast SEO plugin. -->","yoast_head_json":{"title":"Aloe Vera: Les chroniques vertes de l'Afrique","description":"Les immenses \u00e9tendues de l'Afrique regorgent d'histoires de plantes qui ont surv\u00e9cu au passage du temps, ainsi que de civilisations disparues.","robots":{"index":"index","follow":"follow","max-snippet":"max-snippet:-1","max-image-preview":"max-image-preview:large","max-video-preview":"max-video-preview:-1"},"canonical":"https:\/\/naturalpoland.com\/fr\/artykuly\/produits-natuerls\/aloe-vera-les-chroniques-vertes-de-l-afrique\/","og_locale":"fr_FR","og_type":"article","og_title":"Aloe Vera: Les chroniques vertes de l'Afrique","og_description":"Les immenses \u00e9tendues de l'Afrique regorgent d'histoires de plantes qui ont surv\u00e9cu au passage du temps, ainsi que de civilisations disparues.","og_url":"https:\/\/naturalpoland.com\/fr\/artykuly\/produits-natuerls\/aloe-vera-les-chroniques-vertes-de-l-afrique\/","og_site_name":"NATURAL POLAND - Distributeur de mati\u00e8res premi\u00e8res en gros","article_publisher":"https:\/\/www.facebook.com\/naturalpoland.b2b","article_published_time":"2024-09-16T13:15:57+00:00","article_modified_time":"2024-09-16T13:15:58+00:00","og_image":[{"width":1024,"height":610,"url":"https:\/\/naturalpoland.com\/wp-content\/uploads\/aloe-vera-in-africa.jpg","type":"image\/jpeg"}],"author":"Fiona Bulia","schema":{"@context":"https:\/\/schema.org","@graph":[{"@type":"Article","@id":"https:\/\/naturalpoland.com\/fr\/artykuly\/produits-natuerls\/aloe-vera-les-chroniques-vertes-de-l-afrique\/#article","isPartOf":{"@id":"https:\/\/naturalpoland.com\/fr\/artykuly\/produits-natuerls\/aloe-vera-les-chroniques-vertes-de-l-afrique\/"},"author":{"name":"Fiona Bulia","@id":"https:\/\/naturalpoland.com\/fr\/#\/schema\/person\/c6cec6a7a33486992efb6b4041a91f0a"},"headline":"Aloe Vera: Les chroniques vertes de l&rsquo;Afrique","datePublished":"2024-09-16T13:15:57+00:00","dateModified":"2024-09-16T13:15:58+00:00","mainEntityOfPage":{"@id":"https:\/\/naturalpoland.com\/fr\/artykuly\/produits-natuerls\/aloe-vera-les-chroniques-vertes-de-l-afrique\/"},"wordCount":834,"publisher":{"@id":"https:\/\/naturalpoland.com\/fr\/#organization"},"image":{"@id":"https:\/\/naturalpoland.com\/fr\/artykuly\/produits-natuerls\/aloe-vera-les-chroniques-vertes-de-l-afrique\/#primaryimage"},"thumbnailUrl":"https:\/\/naturalpoland.com\/wp-content\/uploads\/aloe-vera-in-africa.jpg","articleSection":["Produits d'Afrique","Produits naturels"],"inLanguage":"fr-FR"},{"@type":"WebPage","@id":"https:\/\/naturalpoland.com\/fr\/artykuly\/produits-natuerls\/aloe-vera-les-chroniques-vertes-de-l-afrique\/","url":"https:\/\/naturalpoland.com\/fr\/artykuly\/produits-natuerls\/aloe-vera-les-chroniques-vertes-de-l-afrique\/","name":"Aloe Vera: Les chroniques vertes de l'Afrique","isPartOf":{"@id":"https:\/\/naturalpoland.com\/fr\/#website"},"primaryImageOfPage":{"@id":"https:\/\/naturalpoland.com\/fr\/artykuly\/produits-natuerls\/aloe-vera-les-chroniques-vertes-de-l-afrique\/#primaryimage"},"image":{"@id":"https:\/\/naturalpoland.com\/fr\/artykuly\/produits-natuerls\/aloe-vera-les-chroniques-vertes-de-l-afrique\/#primaryimage"},"thumbnailUrl":"https:\/\/naturalpoland.com\/wp-content\/uploads\/aloe-vera-in-africa.jpg","datePublished":"2024-09-16T13:15:57+00:00","dateModified":"2024-09-16T13:15:58+00:00","description":"Les immenses \u00e9tendues de l'Afrique regorgent d'histoires de plantes qui ont surv\u00e9cu au passage du temps, ainsi que de civilisations disparues.","breadcrumb":{"@id":"https:\/\/naturalpoland.com\/fr\/artykuly\/produits-natuerls\/aloe-vera-les-chroniques-vertes-de-l-afrique\/#breadcrumb"},"inLanguage":"fr-FR","potentialAction":[{"@type":"ReadAction","target":["https:\/\/naturalpoland.com\/fr\/artykuly\/produits-natuerls\/aloe-vera-les-chroniques-vertes-de-l-afrique\/"]}]},{"@type":"ImageObject","inLanguage":"fr-FR","@id":"https:\/\/naturalpoland.com\/fr\/artykuly\/produits-natuerls\/aloe-vera-les-chroniques-vertes-de-l-afrique\/#primaryimage","url":"https:\/\/naturalpoland.com\/wp-content\/uploads\/aloe-vera-in-africa.jpg","contentUrl":"https:\/\/naturalpoland.com\/wp-content\/uploads\/aloe-vera-in-africa.jpg","width":1024,"height":610,"caption":"aloe vera in Africa"},{"@type":"BreadcrumbList","@id":"https:\/\/naturalpoland.com\/fr\/artykuly\/produits-natuerls\/aloe-vera-les-chroniques-vertes-de-l-afrique\/#breadcrumb","itemListElement":[{"@type":"ListItem","position":1,"name":"Accueil","item":"https:\/\/naturalpoland.com\/fr\/"},{"@type":"ListItem","position":2,"name":"Aloe Vera: Les chroniques vertes de l&rsquo;Afrique"}]},{"@type":"WebSite","@id":"https:\/\/naturalpoland.com\/fr\/#website","url":"https:\/\/naturalpoland.com\/fr\/","name":"NATURAL POLAND - Distributeur de mati\u00e8res premi\u00e8res en gros","description":"Surowce dla przemys\u0142u spo\u017cywczego, kosmetycznego i farmaceutycznego","publisher":{"@id":"https:\/\/naturalpoland.com\/fr\/#organization"},"potentialAction":[{"@type":"SearchAction","target":{"@type":"EntryPoint","urlTemplate":"https:\/\/naturalpoland.com\/fr\/?s={search_term_string}"},"query-input":{"@type":"PropertyValueSpecification","valueRequired":true,"valueName":"search_term_string"}}],"inLanguage":"fr-FR"},{"@type":"Organization","@id":"https:\/\/naturalpoland.com\/fr\/#organization","name":"Natural Poland","url":"https:\/\/naturalpoland.com\/fr\/","logo":{"@type":"ImageObject","inLanguage":"fr-FR","@id":"https:\/\/naturalpoland.com\/fr\/#\/schema\/logo\/image\/","url":"https:\/\/naturalpoland.com\/wp-content\/uploads\/2021\/05\/natural-poland-icon.png","contentUrl":"https:\/\/naturalpoland.com\/wp-content\/uploads\/2021\/05\/natural-poland-icon.png","width":512,"height":512,"caption":"Natural Poland"},"image":{"@id":"https:\/\/naturalpoland.com\/fr\/#\/schema\/logo\/image\/"},"sameAs":["https:\/\/www.facebook.com\/naturalpoland.b2b","https:\/\/pl.linkedin.com\/company\/natural-poland","https:\/\/www.youtube.com\/channel\/UCgeGGkvOMahZo-xu_MSEWxg"]},{"@type":"Person","@id":"https:\/\/naturalpoland.com\/fr\/#\/schema\/person\/c6cec6a7a33486992efb6b4041a91f0a","name":"Fiona Bulia","image":{"@type":"ImageObject","inLanguage":"fr-FR","@id":"https:\/\/secure.gravatar.com\/avatar\/0ce6e6e48adf196a228aaaf3c0d5d995c5baf5e0eb91980bd5b54c0e3689d7c2?s=96&d=mm&r=g","url":"https:\/\/secure.gravatar.com\/avatar\/0ce6e6e48adf196a228aaaf3c0d5d995c5baf5e0eb91980bd5b54c0e3689d7c2?s=96&d=mm&r=g","contentUrl":"https:\/\/secure.gravatar.com\/avatar\/0ce6e6e48adf196a228aaaf3c0d5d995c5baf5e0eb91980bd5b54c0e3689d7c2?s=96&d=mm&r=g","caption":"Fiona Bulia"},"description":"Fiona Bulia is a native of Africa and a passionate advocate for natural and sustainable beauty products. With over 9 years of experience in the cosmetics industry, Fiona has developed a deep understanding of the importance of ingredients and their impact on the skin, particularly with regards to African products. She is committed to helping people make informed choices about the products they use and is dedicated to promoting environmentally responsible practices.","url":"https:\/\/naturalpoland.com\/fr\/artykuly\/author\/fiona-bulia\/"}]}},"_links":{"self":[{"href":"https:\/\/naturalpoland.com\/fr\/wp-json\/wp\/v2\/posts\/35617","targetHints":{"allow":["GET"]}}],"collection":[{"href":"https:\/\/naturalpoland.com\/fr\/wp-json\/wp\/v2\/posts"}],"about":[{"href":"https:\/\/naturalpoland.com\/fr\/wp-json\/wp\/v2\/types\/post"}],"author":[{"embeddable":true,"href":"https:\/\/naturalpoland.com\/fr\/wp-json\/wp\/v2\/users\/19"}],"replies":[{"embeddable":true,"href":"https:\/\/naturalpoland.com\/fr\/wp-json\/wp\/v2\/comments?post=35617"}],"version-history":[{"count":0,"href":"https:\/\/naturalpoland.com\/fr\/wp-json\/wp\/v2\/posts\/35617\/revisions"}],"wp:featuredmedia":[{"embeddable":true,"href":"https:\/\/naturalpoland.com\/fr\/wp-json\/wp\/v2\/media\/25223"}],"wp:attachment":[{"href":"https:\/\/naturalpoland.com\/fr\/wp-json\/wp\/v2\/media?parent=35617"}],"wp:term":[{"taxonomy":"category","embeddable":true,"href":"https:\/\/naturalpoland.com\/fr\/wp-json\/wp\/v2\/categories?post=35617"},{"taxonomy":"post_tag","embeddable":true,"href":"https:\/\/naturalpoland.com\/fr\/wp-json\/wp\/v2\/tags?post=35617"}],"curies":[{"name":"wp","href":"https:\/\/api.w.org\/{rel}","templated":true}]}}